{"id":3185,"date":"2018-06-22T23:15:20","date_gmt":"2018-06-22T21:15:20","guid":{"rendered":"http:\/\/agora.xtec.cat\/esc-teresabergada\/?p=3185"},"modified":"2020-09-08T06:57:36","modified_gmt":"2020-09-08T04:57:36","slug":"ultim-dia-de-curs","status":"publish","type":"post","link":"https:\/\/agora.xtec.cat\/esc-teresabergada\/portada\/ultim-dia-de-curs\/","title":{"rendered":"\u00daltim dia de curs"},"content":{"rendered":"<p style=\"text-align: justify;\">Com ja va sent\u00a0tradici\u00f3 a la nostra escola, l&#8217;\u00faltim dia de curs deixem de banda la majoria dels materials d&#8217;\u00fas escolar que ens han acompanyat durant tot l&#8217;any:\u00a0gomes, ordinadors, llibres, llibretes, llapis, regles, retoladors, pinzells&#8230; Per\u00f2 el que no hem abandonat\u00a0\u00e9s les ganes de passar-ho b\u00e9.<\/p>\n<p style=\"text-align: justify;\">Com b\u00e9 diuen el refrany&#8230; una imatge, val m\u00e9s que 1000 paraules; per\u00f2 i si podem tenir les dues coses???<\/p>\n<p style=\"text-align: justify;\"><a href=\"https:\/\/photos.app.goo.gl\/axSBGK65tZbT262F6\" target=\"_blank\" rel=\"noopener noreferrer\"><img loading=\"lazy\" decoding=\"async\" class=\"aligncenter wp-image-3186 size-full\" src=\"http:\/\/agora.xtec.cat\/esc-teresabergada\/wp-content\/uploads\/usu1533\/2018\/06\/Captura-de-pantalla-2018-06-22-a-les-23.10.50.png\" alt=\"\" width=\"831\" height=\"484\" srcset=\"https:\/\/agora.xtec.cat\/esc-teresabergada\/wp-content\/uploads\/usu1533\/2018\/06\/Captura-de-pantalla-2018-06-22-a-les-23.10.50.png 831w, https:\/\/agora.xtec.cat\/esc-teresabergada\/wp-content\/uploads\/usu1533\/2018\/06\/Captura-de-pantalla-2018-06-22-a-les-23.10.50-300x175.png 300w, https:\/\/agora.xtec.cat\/esc-teresabergada\/wp-content\/uploads\/usu1533\/2018\/06\/Captura-de-pantalla-2018-06-22-a-les-23.10.50-768x447.png 768w\" sizes=\"auto, (max-width: 831px) 100vw, 831px\" \/><\/a><\/p>\n<p style=\"text-align: center;\">(<em>feu clic al <strong>N\u00favol de paraules<\/strong><\/em>)<\/p>\n","protected":false},"excerpt":{"rendered":"<p>Com ja va sent\u00a0tradici\u00f3 a la nostra escola, l&#8217;\u00faltim dia de curs deixem de banda la majoria dels materials d&#8217;\u00fas escolar que ens han acompanyat durant tot l&#8217;any:\u00a0gomes, ordinadors, llibres, llibretes, llapis, regles, retoladors, pinzells&#8230; Per\u00f2 el que no hem abandonat\u00a0\u00e9s les ganes de passar-ho&hellip;  <a href=\"https:\/\/agora.xtec.cat\/esc-teresabergada\/portada\/ultim-dia-de-curs\/\" title=\"Read \u00daltim dia de curs\">Llegeix m\u00e9s\u00bb<\/a><\/p>\n","protected":false},"author":1,"featured_media":3186,"comment_status":"open","ping_status":"closed","sticky":false,"template":"","format":"standard","meta":{"_bbp_topic_count":0,"_bbp_reply_count":0,"_bbp_total_topic_count":0,"_bbp_total_reply_count":0,"_bbp_voice_count":0,"_bbp_anonymous_reply_count":0,"_bbp_topic_count_hidden":0,"_bbp_reply_count_hidden":0,"_bbp_forum_subforum_count":0,"footnotes":""},"categories":[4],"tags":[335,334],"class_list":["post-3185","post","type-post","status-publish","format-standard","has-post-thumbnail","hentry","category-portada","tag-aprenem-junts","tag-fi-de-curs"],"post_mailing_queue_ids":[],"_links":{"self":[{"href":"https:\/\/agora.xtec.cat\/esc-teresabergada\/wp-json\/wp\/v2\/posts\/3185","targetHints":{"allow":["GET"]}}],"collection":[{"href":"https:\/\/agora.xtec.cat\/esc-teresabergada\/wp-json\/wp\/v2\/posts"}],"about":[{"href":"https:\/\/agora.xtec.cat\/esc-teresabergada\/wp-json\/wp\/v2\/types\/post"}],"author":[{"embeddable":true,"href":"https:\/\/agora.xtec.cat\/esc-teresabergada\/wp-json\/wp\/v2\/users\/1"}],"replies":[{"embeddable":true,"href":"https:\/\/agora.xtec.cat\/esc-teresabergada\/wp-json\/wp\/v2\/comments?post=3185"}],"version-history":[{"count":3,"href":"https:\/\/agora.xtec.cat\/esc-teresabergada\/wp-json\/wp\/v2\/posts\/3185\/revisions"}],"predecessor-version":[{"id":9630,"href":"https:\/\/agora.xtec.cat\/esc-teresabergada\/wp-json\/wp\/v2\/posts\/3185\/revisions\/9630"}],"wp:featuredmedia":[{"embeddable":true,"href":"https:\/\/agora.xtec.cat\/esc-teresabergada\/wp-json\/wp\/v2\/media\/3186"}],"wp:attachment":[{"href":"https:\/\/agora.xtec.cat\/esc-teresabergada\/wp-json\/wp\/v2\/media?parent=3185"}],"wp:term":[{"taxonomy":"category","embeddable":true,"href":"https:\/\/agora.xtec.cat\/esc-teresabergada\/wp-json\/wp\/v2\/categories?post=3185"},{"taxonomy":"post_tag","embeddable":true,"href":"https:\/\/agora.xtec.cat\/esc-teresabergada\/wp-json\/wp\/v2\/tags?post=3185"}],"curies":[{"name":"wp","href":"https:\/\/api.w.org\/{rel}","templated":true}]}}