{"id":3181,"date":"2018-06-22T07:16:06","date_gmt":"2018-06-22T05:16:06","guid":{"rendered":"http:\/\/agora.xtec.cat\/esc-teresabergada\/?p=3181"},"modified":"2020-09-08T06:46:35","modified_gmt":"2020-09-08T04:46:35","slug":"agraiments-1amostra-natura","status":"publish","type":"post","link":"https:\/\/agora.xtec.cat\/esc-teresabergada\/blocs-de-primaria\/4t\/agraiments-1amostra-natura\/","title":{"rendered":"Agra\u00efments 1aMOSTRA NATURA"},"content":{"rendered":"<p style=\"text-align: justify;\">Passats ja dos dies de la nostra experi\u00e8ncia com a organitzadors i &#8220;paradistes&#8221;\u00a0d&#8217;una mostra, us volem transmetre \u00a0el que ha estat per a tots nosaltres l&#8217;<strong>OPORTUNITAT<\/strong>\u00a0que ens ha brindat aquesta activitat.<\/p>\n<p style=\"text-align: justify;\"><strong>COMPARTIR i COOPERAR<\/strong>. Com haureu pogut veure els integrants dels nostres estands \u00e9rem alumnes dels quatre grups de cicle inicial fet que ens ha perm\u00e8s compartir aprenentatges d&#8217;aula\u00a0que giraven entorn a una mateixa activitat, tot donant lloc a unes parades molt m\u00e9s riques ja que eren la suma de quatre experi\u00e8ncies iguals per\u00f2 diferents a la vegada.<\/p>\n<p style=\"text-align: justify;\"><strong>COMUNICAR<\/strong>. Ens hem convertit en comunicadors, aix\u00f2 significa que tot all\u00f2 que hav\u00edem apr\u00e8s durant el projecte de Les Plantes hav\u00edem de ser capa\u00e7os de transmetre-ho als companys i fam\u00edlies que ens visitaven. Quan el p\u00fablic s&#8217;apropava a la parada no volien nom\u00e9s escoltar les nostres paraules, sin\u00f3 que tamb\u00e9 volien veure, olorar, tocar, tastar&#8230;.\u00a0En resum, podem dir que tot bon comunicador ha de ser capa\u00e7 de transmetre tot el que sap amb els 5 sentits.<\/p>\n<p style=\"text-align: justify;\"><strong>PRACTICAR<\/strong>. Ens hem adonat que a mesura que anava passant el mat\u00ed, aquella por\/timidesa inicial per poder explicar als diferents &#8220;clients i clientes&#8221; tot all\u00f2 que sab\u00edem, anava desapareixent i es convertia amb SEGURETAT i en CONFIAN\u00c7A EN NOSALTRES.<\/p>\n<p style=\"text-align: justify;\"><strong>EQUIVOCAR-SE<\/strong>.\u00a0En qualsevol repte\u00a0ens trobem en moments\u00a0que ens suposen m\u00e9s facilitat d&#8217;acci\u00f3 i, en canvi, d&#8217;altres que comporten\u00a0m\u00e9s esfor\u00e7 ja que suposen certa dificultat.\u00a0El m\u00e9s important \u00e9s que\u00a0puguem entendre que nom\u00e9s pel fet de provar de fer-ho ja estem aprenent i, en cas que ens equivoquem, la pr\u00e0ctica ser\u00e0 la nostra aliada per finalment aconseguir-ho.<\/p>\n<p style=\"text-align: justify;\"><strong>SORPRENDRE<\/strong>. Wowwwww!!! Som experts en Plantes!!! Com omple el cor\u00a0veure com podem sorprendre a companys, companyes, pares, padrines, tietes, germans&#8230; amb els nostres aprenentatges.<\/p>\n<p style=\"text-align: justify;\">Ja per acabar nom\u00e9s volem agrair-vos d&#8217;all\u00f2 m\u00e9s a tots els que heu assistit a la nostra mostra, doncs part del nostre aprenentatge ara t\u00e9 una mica de vosaltres.<\/p>\n<p style=\"text-align: justify;\">\n<p style=\"text-align: justify;\"><a href=\"https:\/\/agora.xtec.cat\/esc-teresabergada\/wp-content\/uploads\/usu1533\/2018\/06\/IMG_3566.jpg\" target=\"_blank\" rel=\"noopener noreferrer\"><img loading=\"lazy\" decoding=\"async\" class=\"aligncenter wp-image-3142 size-medium\" src=\"https:\/\/agora.xtec.cat\/esc-teresabergada\/wp-content\/uploads\/usu1533\/2018\/06\/IMG_3566-209x300.jpg\" alt=\"\" width=\"209\" height=\"300\" srcset=\"https:\/\/agora.xtec.cat\/esc-teresabergada\/wp-content\/uploads\/usu1533\/2018\/06\/IMG_3566-209x300.jpg 209w, https:\/\/agora.xtec.cat\/esc-teresabergada\/wp-content\/uploads\/usu1533\/2018\/06\/IMG_3566-768x1102.jpg 768w, https:\/\/agora.xtec.cat\/esc-teresabergada\/wp-content\/uploads\/usu1533\/2018\/06\/IMG_3566-714x1024.jpg 714w, https:\/\/agora.xtec.cat\/esc-teresabergada\/wp-content\/uploads\/usu1533\/2018\/06\/IMG_3566.jpg 1947w\" sizes=\"auto, (max-width: 209px) 100vw, 209px\" \/><\/a><\/p>\n","protected":false},"excerpt":{"rendered":"<p>Passats ja dos dies de la nostra experi\u00e8ncia com a organitzadors i &#8220;paradistes&#8221;\u00a0d&#8217;una mostra, us volem transmetre \u00a0el que ha estat per a tots nosaltres l&#8217;OPORTUNITAT\u00a0que ens ha brindat aquesta activitat.<br \/>\nCOMPARTIR i COOPERAR. Com haureu pogut veure els integrants dels nostres estands \u00e9rem alumnes dels&hellip;  <a href=\"https:\/\/agora.xtec.cat\/esc-teresabergada\/blocs-de-primaria\/4t\/agraiments-1amostra-natura\/\" title=\"Read Agra\u00efments 1aMOSTRA NATURA\">Llegeix m\u00e9s\u00bb<\/a><\/p>\n","protected":false},"author":1,"featured_media":3142,"comment_status":"open","ping_status":"closed","sticky":false,"template":"","format":"standard","meta":{"_bbp_topic_count":0,"_bbp_reply_count":0,"_bbp_total_topic_count":0,"_bbp_total_reply_count":0,"_bbp_voice_count":0,"_bbp_anonymous_reply_count":0,"_bbp_topic_count_hidden":0,"_bbp_reply_count_hidden":0,"_bbp_forum_subforum_count":0,"footnotes":""},"categories":[250,349],"tags":[333,306,172,70],"class_list":["post-3181","post","type-post","status-publish","format-standard","has-post-thumbnail","hentry","category-4t","category-5e","tag-aprenentatge-significatiu","tag-les-plantes","tag-medi","tag-projecte"],"post_mailing_queue_ids":[],"_links":{"self":[{"href":"https:\/\/agora.xtec.cat\/esc-teresabergada\/wp-json\/wp\/v2\/posts\/3181","targetHints":{"allow":["GET"]}}],"collection":[{"href":"https:\/\/agora.xtec.cat\/esc-teresabergada\/wp-json\/wp\/v2\/posts"}],"about":[{"href":"https:\/\/agora.xtec.cat\/esc-teresabergada\/wp-json\/wp\/v2\/types\/post"}],"author":[{"embeddable":true,"href":"https:\/\/agora.xtec.cat\/esc-teresabergada\/wp-json\/wp\/v2\/users\/1"}],"replies":[{"embeddable":true,"href":"https:\/\/agora.xtec.cat\/esc-teresabergada\/wp-json\/wp\/v2\/comments?post=3181"}],"version-history":[{"count":3,"href":"https:\/\/agora.xtec.cat\/esc-teresabergada\/wp-json\/wp\/v2\/posts\/3181\/revisions"}],"predecessor-version":[{"id":7540,"href":"https:\/\/agora.xtec.cat\/esc-teresabergada\/wp-json\/wp\/v2\/posts\/3181\/revisions\/7540"}],"wp:featuredmedia":[{"embeddable":true,"href":"https:\/\/agora.xtec.cat\/esc-teresabergada\/wp-json\/wp\/v2\/media\/3142"}],"wp:attachment":[{"href":"https:\/\/agora.xtec.cat\/esc-teresabergada\/wp-json\/wp\/v2\/media?parent=3181"}],"wp:term":[{"taxonomy":"category","embeddable":true,"href":"https:\/\/agora.xtec.cat\/esc-teresabergada\/wp-json\/wp\/v2\/categories?post=3181"},{"taxonomy":"post_tag","embeddable":true,"href":"https:\/\/agora.xtec.cat\/esc-teresabergada\/wp-json\/wp\/v2\/tags?post=3181"}],"curies":[{"name":"wp","href":"https:\/\/api.w.org\/{rel}","templated":true}]}}