{"id":3127,"date":"2018-06-11T23:09:38","date_gmt":"2018-06-11T21:09:38","guid":{"rendered":"http:\/\/agora.xtec.cat\/esc-teresabergada\/?p=3127"},"modified":"2020-09-07T18:08:58","modified_gmt":"2020-09-07T16:08:58","slug":"tres-nenes-a-la-panxa","status":"publish","type":"post","link":"https:\/\/agora.xtec.cat\/esc-teresabergada\/blocs-de-primaria\/1r\/tres-nenes-a-la-panxa\/","title":{"rendered":"Tres nenes a la panxa!!!"},"content":{"rendered":"<p>En el marc de les Capses de la vida i rellegint el llibre d\u00b4informaci\u00f3 que ens va portar la Diana sobre la gestaci\u00f3 i l\u00b4embar\u00e0s, v\u00e0rem veure el cas d\u00b4uns beb\u00e8s bessons.<\/p>\n<p>Fins ara sempre hav\u00edem vist imatges d\u00b4un \u00f2vul i la seva transformaci\u00f3, per\u00f2 ara en v\u00e9iem dos !<\/p>\n<p>Encara v\u00e0rem tenir m\u00e9s sopresa quan l\u00b4Alba ens va explicar que la padrina de la J\u00falia tenia tres \u00f2vuls a l\u00b4\u00fater i es van fecundar tots tres !!!<\/p>\n<p>Vam intentar entendre- ho i v\u00e0rem buscar-ne imatges per internet, l\u00b4Alba ens ho va dibuixar a la pissarra&#8230; per\u00f2 vam decidir que el millor era que vingu\u00e9s la padrina de la J\u00falia, la Montse, i ens expliqu\u00e9s la s\u00faper experi\u00e8ncia.<\/p>\n<p>I vet aqu\u00ed que li v\u00e0rem fer una nota col.lectiva per convidar-la a venir a l\u00b4escola i va acceptar.<\/p>\n<p>Aix\u00ed \u00e9s que avui hem tingut l\u00b4esperada visita.<\/p>\n<p>Ha vingut la Montse i ens ha explicat que cada cop que anava al ginec\u00f2leg\u00a0 li deien que tenia un beb\u00e8 m\u00e9s a la panxa!!! Fins a tres !!! Li feien ecografies per\u00f2 no les donaven abans, les dibuixaven al carnet d\u00b4embarassades.<\/p>\n<p>Pesaven com tres melons al final i havia de dormir amb tres coixins per estar c\u00f2moda.<\/p>\n<p>Per\u00f2 tot va anar s\u00faper b\u00e9, va ser un part normal i van n\u00e9ixer totes tres en tan sols 6\u00a0 minuts.<\/p>\n<p>La Maria, la Montse i la Marta ara s\u00f3n adultes i fins i tot mares.<\/p>\n<p>La Montse ens ha explicat an\u00e8cdotes i ens ha ensenyat un munt de fotos, fins i tot ens ha portat el diari on va sortir publicada la not\u00edcia del naixement de les trig\u00e8mines.<\/p>\n<p>Gr\u00e0cies Montse per compartir els teus RECORDS i part de la teva VIDA. Ha estat molt entranyable.<\/p>\n<p>Ara treballarem la not\u00edcia, com deu ser aix\u00f2 de 6 minuts&#8230;se\u00b4ns han obert altres itineraris de treball.<\/p>\n<p>Si cliqueu a la imatge veureu un petit recull fotogr\u00e0fic.<\/p>\n<p><a href=\"https:\/\/photos.app.goo.gl\/GxH7nTt1kse96irM6\"><img loading=\"lazy\" decoding=\"async\" class=\"alignnone size-full wp-image-3129\" src=\"http:\/\/agora.xtec.cat\/esc-teresabergada\/wp-content\/uploads\/usu1533\/2018\/06\/Montse-trig\u00e8mines.jpg\" alt=\"\" width=\"945\" height=\"756\" \/><\/a><\/p>\n","protected":false},"excerpt":{"rendered":"<p>En el marc de les Capses de la vida i rellegint el llibre d\u00b4informaci\u00f3 que ens va portar la Diana sobre la gestaci\u00f3 i l\u00b4embar\u00e0s, v\u00e0rem veure el cas d\u00b4uns beb\u00e8s bessons.<br \/>\nFins ara sempre hav\u00edem vist imatges d\u00b4un \u00f2vul i la seva transformaci\u00f3, per\u00f2 ara&hellip;  <a href=\"https:\/\/agora.xtec.cat\/esc-teresabergada\/blocs-de-primaria\/1r\/tres-nenes-a-la-panxa\/\" title=\"Read Tres nenes a la panxa!!!\">Llegeix m\u00e9s\u00bb<\/a><\/p>\n","protected":false},"author":1,"featured_media":0,"comment_status":"open","ping_status":"closed","sticky":false,"template":"","format":"standard","meta":{"_bbp_topic_count":0,"_bbp_reply_count":0,"_bbp_total_topic_count":0,"_bbp_total_reply_count":0,"_bbp_voice_count":0,"_bbp_anonymous_reply_count":0,"_bbp_topic_count_hidden":0,"_bbp_reply_count_hidden":0,"_bbp_forum_subforum_count":0,"footnotes":""},"categories":[348],"tags":[121],"class_list":["post-3127","post","type-post","status-publish","format-standard","hentry","category-1r","tag-educacio-infantil"],"post_mailing_queue_ids":[],"_links":{"self":[{"href":"https:\/\/agora.xtec.cat\/esc-teresabergada\/wp-json\/wp\/v2\/posts\/3127","targetHints":{"allow":["GET"]}}],"collection":[{"href":"https:\/\/agora.xtec.cat\/esc-teresabergada\/wp-json\/wp\/v2\/posts"}],"about":[{"href":"https:\/\/agora.xtec.cat\/esc-teresabergada\/wp-json\/wp\/v2\/types\/post"}],"author":[{"embeddable":true,"href":"https:\/\/agora.xtec.cat\/esc-teresabergada\/wp-json\/wp\/v2\/users\/1"}],"replies":[{"embeddable":true,"href":"https:\/\/agora.xtec.cat\/esc-teresabergada\/wp-json\/wp\/v2\/comments?post=3127"}],"version-history":[{"count":1,"href":"https:\/\/agora.xtec.cat\/esc-teresabergada\/wp-json\/wp\/v2\/posts\/3127\/revisions"}],"predecessor-version":[{"id":3130,"href":"https:\/\/agora.xtec.cat\/esc-teresabergada\/wp-json\/wp\/v2\/posts\/3127\/revisions\/3130"}],"wp:attachment":[{"href":"https:\/\/agora.xtec.cat\/esc-teresabergada\/wp-json\/wp\/v2\/media?parent=3127"}],"wp:term":[{"taxonomy":"category","embeddable":true,"href":"https:\/\/agora.xtec.cat\/esc-teresabergada\/wp-json\/wp\/v2\/categories?post=3127"},{"taxonomy":"post_tag","embeddable":true,"href":"https:\/\/agora.xtec.cat\/esc-teresabergada\/wp-json\/wp\/v2\/tags?post=3127"}],"curies":[{"name":"wp","href":"https:\/\/api.w.org\/{rel}","templated":true}]}}