{"id":3121,"date":"2018-06-11T21:10:01","date_gmt":"2018-06-11T19:10:01","guid":{"rendered":"http:\/\/agora.xtec.cat\/esc-teresabergada\/?p=3121"},"modified":"2019-09-27T13:50:33","modified_gmt":"2019-09-27T11:50:33","slug":"projecte-els-astronautes","status":"publish","type":"post","link":"https:\/\/agora.xtec.cat\/esc-teresabergada\/infantil\/projecte-els-astronautes\/","title":{"rendered":"Projecte: Els astronautes"},"content":{"rendered":"<p>Els nens i nenes de P5B hem treballat el\u00a0<strong>Projecte\u00a0<\/strong>dels <strong>ASTRONAUTES<\/strong>, on hem pogut con\u00e8ixer com viuen, com \u00e9s un coet, curiositats del Sistema Solar i moltes coses m\u00e9s.<\/p>\n<p>A continuaci\u00f3, us convidem a visionar l&#8217;exposici\u00f3 oral que van realitzar davant dels pares i tamb\u00e9 una petita sorpresa que us hem preparat.<\/p>\n<p><a href=\"http:\/\/agora.xtec.cat\/esc-teresabergada\/wp-content\/uploads\/usu1533\/2018\/06\/5.jpg\"><img loading=\"lazy\" decoding=\"async\" class=\"wp-image-3123 alignleft\" src=\"http:\/\/agora.xtec.cat\/esc-teresabergada\/wp-content\/uploads\/usu1533\/2018\/06\/5.jpg\" alt=\"\" width=\"295\" height=\"295\" srcset=\"https:\/\/agora.xtec.cat\/esc-teresabergada\/wp-content\/uploads\/usu1533\/2018\/06\/5.jpg 800w, https:\/\/agora.xtec.cat\/esc-teresabergada\/wp-content\/uploads\/usu1533\/2018\/06\/5-150x150.jpg 150w, https:\/\/agora.xtec.cat\/esc-teresabergada\/wp-content\/uploads\/usu1533\/2018\/06\/5-300x300.jpg 300w, https:\/\/agora.xtec.cat\/esc-teresabergada\/wp-content\/uploads\/usu1533\/2018\/06\/5-768x768.jpg 768w\" sizes=\"auto, (max-width: 295px) 100vw, 295px\" \/><\/a><\/p>\n<p>&nbsp;<\/p>\n<p>Exposici\u00f3 (ho penjarem en breu).<\/p>\n<p><a href=\"https:\/\/photos.app.goo.gl\/w6mTfuFqJN5qPU6E7\">Fotos<\/a><\/p>\n<p><a href=\"https:\/\/photos.app.goo.gl\/Wz6f54ebQwHNY7hJ8\">Compartint moments<\/a><\/p>\n","protected":false},"excerpt":{"rendered":"<p>Els nens i nenes de P5B hem treballat el\u00a0Projecte\u00a0dels ASTRONAUTES, on hem pogut con\u00e8ixer com viuen, com \u00e9s un coet, curiositats del Sistema Solar i moltes coses m\u00e9s.<br \/>\nA continuaci\u00f3, us convidem a visionar l&#8217;exposici\u00f3 oral que van realitzar davant dels pares i tamb\u00e9 una petita&hellip;  <a href=\"https:\/\/agora.xtec.cat\/esc-teresabergada\/infantil\/projecte-els-astronautes\/\" title=\"Read Projecte: Els astronautes\">Llegeix m\u00e9s\u00bb<\/a><\/p>\n","protected":false},"author":7,"featured_media":0,"comment_status":"open","ping_status":"closed","sticky":false,"template":"","format":"standard","meta":{"_bbp_topic_count":0,"_bbp_reply_count":0,"_bbp_total_topic_count":0,"_bbp_total_reply_count":0,"_bbp_voice_count":0,"_bbp_anonymous_reply_count":0,"_bbp_topic_count_hidden":0,"_bbp_reply_count_hidden":0,"_bbp_forum_subforum_count":0,"footnotes":""},"categories":[238,2],"tags":[331,300,124],"class_list":["post-3121","post","type-post","status-publish","format-standard","hentry","category-3r","category-infantil","tag-astronautes","tag-p5b","tag-projectes"],"post_mailing_queue_ids":[],"_links":{"self":[{"href":"https:\/\/agora.xtec.cat\/esc-teresabergada\/wp-json\/wp\/v2\/posts\/3121","targetHints":{"allow":["GET"]}}],"collection":[{"href":"https:\/\/agora.xtec.cat\/esc-teresabergada\/wp-json\/wp\/v2\/posts"}],"about":[{"href":"https:\/\/agora.xtec.cat\/esc-teresabergada\/wp-json\/wp\/v2\/types\/post"}],"author":[{"embeddable":true,"href":"https:\/\/agora.xtec.cat\/esc-teresabergada\/wp-json\/wp\/v2\/users\/7"}],"replies":[{"embeddable":true,"href":"https:\/\/agora.xtec.cat\/esc-teresabergada\/wp-json\/wp\/v2\/comments?post=3121"}],"version-history":[{"count":3,"href":"https:\/\/agora.xtec.cat\/esc-teresabergada\/wp-json\/wp\/v2\/posts\/3121\/revisions"}],"predecessor-version":[{"id":3126,"href":"https:\/\/agora.xtec.cat\/esc-teresabergada\/wp-json\/wp\/v2\/posts\/3121\/revisions\/3126"}],"wp:attachment":[{"href":"https:\/\/agora.xtec.cat\/esc-teresabergada\/wp-json\/wp\/v2\/media?parent=3121"}],"wp:term":[{"taxonomy":"category","embeddable":true,"href":"https:\/\/agora.xtec.cat\/esc-teresabergada\/wp-json\/wp\/v2\/categories?post=3121"},{"taxonomy":"post_tag","embeddable":true,"href":"https:\/\/agora.xtec.cat\/esc-teresabergada\/wp-json\/wp\/v2\/tags?post=3121"}],"curies":[{"name":"wp","href":"https:\/\/api.w.org\/{rel}","templated":true}]}}