{"id":3084,"date":"2018-06-05T17:40:58","date_gmt":"2018-06-05T15:40:58","guid":{"rendered":"http:\/\/agora.xtec.cat\/esc-teresabergada\/?p=3084"},"modified":"2019-09-27T18:14:40","modified_gmt":"2019-09-27T16:14:40","slug":"visita-de-lexpert-ramon-farre","status":"publish","type":"post","link":"https:\/\/agora.xtec.cat\/esc-teresabergada\/blocs-de-primaria\/5e\/visita-de-lexpert-ramon-farre\/","title":{"rendered":"Visita de l&#8217;expert: Ramon Farr\u00e9"},"content":{"rendered":"<p>La setmana passada, una de les activitats de les que vam poder gaudir els alumnes de 2n va ser la <strong>visita de l&#8217;expert<\/strong>. En aquest cas, el pare de la Mariona, en <strong>Ramon Farr\u00e9<\/strong> (que \u00e9s <strong>pag\u00e8s<\/strong>).<\/p>\n<p>Vam poder relacionar el fet que a llengua hav\u00edem estat treballant l<strong>&#8216;entrevista,<\/strong> per poder-ne preparar una amb totes les seves parts, i que al mateix temps\u00a0 ens pogu\u00e9s resoldre dubtes sobre el nostre <strong>projecte de Les Plantes.<\/strong><\/p>\n<p>Va estar una tarda molt entretinguda i de la que vam poder aprendre&#8217;n moltes coses. A m\u00e9s a m\u00e9s vam plantar enciams a partir de la llavor, i de planter!<\/p>\n<p>Per cert, hem d&#8217;agra\u00efr-li els enciams que despr\u00e9s ens va regalar a cadasc\u00fa de nosaltres.<\/p>\n<p>Moltes gr\u00e0cies!<\/p>\n<p><a href=\"https:\/\/photos.app.goo.gl\/UENEMgpaLvPwX6419\"><em>Aqu\u00ed podreu veure un recull de fotos de les activitats.<\/em><\/a><\/p>\n","protected":false},"excerpt":{"rendered":"<p>La setmana passada, una de les activitats de les que vam poder gaudir els alumnes de 2n va ser la visita de l&#8217;expert. En aquest cas, el pare de la Mariona, en Ramon Farr\u00e9 (que \u00e9s pag\u00e8s).<br \/>\nVam poder relacionar el fet que a llengua hav\u00edem&hellip;  <a href=\"https:\/\/agora.xtec.cat\/esc-teresabergada\/blocs-de-primaria\/5e\/visita-de-lexpert-ramon-farre\/\" title=\"Read Visita de l&#8217;expert: Ramon Farr\u00e9\">Llegeix m\u00e9s\u00bb<\/a><\/p>\n","protected":false},"author":16,"featured_media":0,"comment_status":"open","ping_status":"closed","sticky":false,"template":"","format":"standard","meta":{"_bbp_topic_count":0,"_bbp_reply_count":0,"_bbp_total_topic_count":0,"_bbp_total_reply_count":0,"_bbp_voice_count":0,"_bbp_anonymous_reply_count":0,"_bbp_topic_count_hidden":0,"_bbp_reply_count_hidden":0,"_bbp_forum_subforum_count":0,"footnotes":""},"categories":[349],"tags":[252,328,325,306,327,193,70,326],"class_list":["post-3084","post","type-post","status-publish","format-standard","hentry","category-5e","tag-2n","tag-enciam","tag-entrevista","tag-les-plantes","tag-pages","tag-primaria","tag-projecte","tag-visita-expert"],"post_mailing_queue_ids":[],"_links":{"self":[{"href":"https:\/\/agora.xtec.cat\/esc-teresabergada\/wp-json\/wp\/v2\/posts\/3084","targetHints":{"allow":["GET"]}}],"collection":[{"href":"https:\/\/agora.xtec.cat\/esc-teresabergada\/wp-json\/wp\/v2\/posts"}],"about":[{"href":"https:\/\/agora.xtec.cat\/esc-teresabergada\/wp-json\/wp\/v2\/types\/post"}],"author":[{"embeddable":true,"href":"https:\/\/agora.xtec.cat\/esc-teresabergada\/wp-json\/wp\/v2\/users\/16"}],"replies":[{"embeddable":true,"href":"https:\/\/agora.xtec.cat\/esc-teresabergada\/wp-json\/wp\/v2\/comments?post=3084"}],"version-history":[{"count":3,"href":"https:\/\/agora.xtec.cat\/esc-teresabergada\/wp-json\/wp\/v2\/posts\/3084\/revisions"}],"predecessor-version":[{"id":3228,"href":"https:\/\/agora.xtec.cat\/esc-teresabergada\/wp-json\/wp\/v2\/posts\/3084\/revisions\/3228"}],"wp:attachment":[{"href":"https:\/\/agora.xtec.cat\/esc-teresabergada\/wp-json\/wp\/v2\/media?parent=3084"}],"wp:term":[{"taxonomy":"category","embeddable":true,"href":"https:\/\/agora.xtec.cat\/esc-teresabergada\/wp-json\/wp\/v2\/categories?post=3084"},{"taxonomy":"post_tag","embeddable":true,"href":"https:\/\/agora.xtec.cat\/esc-teresabergada\/wp-json\/wp\/v2\/tags?post=3084"}],"curies":[{"name":"wp","href":"https:\/\/api.w.org\/{rel}","templated":true}]}}