{"id":3082,"date":"2018-06-05T20:58:27","date_gmt":"2018-06-05T18:58:27","guid":{"rendered":"http:\/\/agora.xtec.cat\/esc-teresabergada\/?p=3082"},"modified":"2018-06-05T21:19:50","modified_gmt":"2018-06-05T19:19:50","slug":"avui-va-darros-integral","status":"publish","type":"post","link":"https:\/\/agora.xtec.cat\/esc-teresabergada\/general\/avui-va-darros-integral\/","title":{"rendered":"Avui va d&#8217;arr\u00f2s&#8230;integral"},"content":{"rendered":"<p>Com b\u00e9 haureu vist al men\u00fa d&#8217;aquest mes de juny, avui la proposta culin\u00e0ria ha estat: amanida d&#8217;arr\u00f2s integral amb olives, pinya i bastonets de cranc.<\/p>\n<p><img loading=\"lazy\" decoding=\"async\" class=\"aligncenter size-full wp-image-3092\" src=\"http:\/\/agora.xtec.cat\/esc-teresabergada\/wp-content\/uploads\/usu1533\/2018\/06\/PHOTO-2018-06-05-13-27-45.jpg\" alt=\"\" width=\"1600\" height=\"898\" srcset=\"https:\/\/agora.xtec.cat\/esc-teresabergada\/wp-content\/uploads\/usu1533\/2018\/06\/PHOTO-2018-06-05-13-27-45.jpg 1600w, https:\/\/agora.xtec.cat\/esc-teresabergada\/wp-content\/uploads\/usu1533\/2018\/06\/PHOTO-2018-06-05-13-27-45-300x168.jpg 300w, https:\/\/agora.xtec.cat\/esc-teresabergada\/wp-content\/uploads\/usu1533\/2018\/06\/PHOTO-2018-06-05-13-27-45-768x431.jpg 768w, https:\/\/agora.xtec.cat\/esc-teresabergada\/wp-content\/uploads\/usu1533\/2018\/06\/PHOTO-2018-06-05-13-27-45-1024x575.jpg 1024w\" sizes=\"auto, (max-width: 1600px) 100vw, 1600px\" \/><\/p>\n<p>Tot seguit us deixem un article de la web ETS EL QUE MENGES,\u00a0\u00a0on ens expliquen les propietats nutricionals d&#8217;aquest cereal, els seus efectes sobre el nostre organisme, com es cuina i una recepta on l&#8217;ingredient principal \u00e9s l&#8217;arr\u00f2s integral.<\/p>\n<p style=\"text-align: center;\"><a href=\"https:\/\/etselquemenges.cat\/rebost\/arros-integral\" target=\"_blank\" rel=\"noopener noreferrer\"><img loading=\"lazy\" decoding=\"async\" class=\"aligncenter wp-image-3093 size-full\" src=\"http:\/\/agora.xtec.cat\/esc-teresabergada\/wp-content\/uploads\/usu1533\/2018\/06\/ets.png\" alt=\"\" width=\"225\" height=\"225\" srcset=\"https:\/\/agora.xtec.cat\/esc-teresabergada\/wp-content\/uploads\/usu1533\/2018\/06\/ets.png 225w, https:\/\/agora.xtec.cat\/esc-teresabergada\/wp-content\/uploads\/usu1533\/2018\/06\/ets-150x150.png 150w\" sizes=\"auto, (max-width: 225px) 100vw, 225px\" \/><\/a><em>feu click a la icona de la revista digital per veure l&#8217;article<\/em><\/p>\n","protected":false},"excerpt":{"rendered":"<p>Com b\u00e9 haureu vist al men\u00fa d&#8217;aquest mes de juny, avui la proposta culin\u00e0ria ha estat: amanida d&#8217;arr\u00f2s integral amb olives, pinya i bastonets de cranc.<\/p>\n<p>Tot seguit us deixem un article de la web ETS EL QUE MENGES,\u00a0\u00a0on ens expliquen les propietats nutricionals d&#8217;aquest cereal,&hellip;  <a href=\"https:\/\/agora.xtec.cat\/esc-teresabergada\/general\/avui-va-darros-integral\/\" title=\"Read Avui va d&#8217;arr\u00f2s&#8230;integral\">Llegeix m\u00e9s\u00bb<\/a><\/p>\n","protected":false},"author":1,"featured_media":0,"comment_status":"open","ping_status":"closed","sticky":false,"template":"","format":"standard","meta":{"_bbp_topic_count":0,"_bbp_reply_count":0,"_bbp_total_topic_count":0,"_bbp_total_reply_count":0,"_bbp_voice_count":0,"_bbp_anonymous_reply_count":0,"_bbp_topic_count_hidden":0,"_bbp_reply_count_hidden":0,"_bbp_forum_subforum_count":0,"footnotes":""},"categories":[1,312],"tags":[62,313],"class_list":["post-3082","post","type-post","status-publish","format-standard","hentry","category-general","category-jornades-gastronomiques","tag-alimentacio-saludable","tag-dieta-saludable"],"post_mailing_queue_ids":[],"_links":{"self":[{"href":"https:\/\/agora.xtec.cat\/esc-teresabergada\/wp-json\/wp\/v2\/posts\/3082","targetHints":{"allow":["GET"]}}],"collection":[{"href":"https:\/\/agora.xtec.cat\/esc-teresabergada\/wp-json\/wp\/v2\/posts"}],"about":[{"href":"https:\/\/agora.xtec.cat\/esc-teresabergada\/wp-json\/wp\/v2\/types\/post"}],"author":[{"embeddable":true,"href":"https:\/\/agora.xtec.cat\/esc-teresabergada\/wp-json\/wp\/v2\/users\/1"}],"replies":[{"embeddable":true,"href":"https:\/\/agora.xtec.cat\/esc-teresabergada\/wp-json\/wp\/v2\/comments?post=3082"}],"version-history":[{"count":3,"href":"https:\/\/agora.xtec.cat\/esc-teresabergada\/wp-json\/wp\/v2\/posts\/3082\/revisions"}],"predecessor-version":[{"id":3095,"href":"https:\/\/agora.xtec.cat\/esc-teresabergada\/wp-json\/wp\/v2\/posts\/3082\/revisions\/3095"}],"wp:attachment":[{"href":"https:\/\/agora.xtec.cat\/esc-teresabergada\/wp-json\/wp\/v2\/media?parent=3082"}],"wp:term":[{"taxonomy":"category","embeddable":true,"href":"https:\/\/agora.xtec.cat\/esc-teresabergada\/wp-json\/wp\/v2\/categories?post=3082"},{"taxonomy":"post_tag","embeddable":true,"href":"https:\/\/agora.xtec.cat\/esc-teresabergada\/wp-json\/wp\/v2\/tags?post=3082"}],"curies":[{"name":"wp","href":"https:\/\/api.w.org\/{rel}","templated":true}]}}