{"id":3080,"date":"2018-06-06T23:00:48","date_gmt":"2018-06-06T21:00:48","guid":{"rendered":"http:\/\/agora.xtec.cat\/esc-teresabergada\/?p=3080"},"modified":"2019-01-30T14:40:12","modified_gmt":"2019-01-30T13:40:12","slug":"projecte-la-volta-al-mon","status":"publish","type":"post","link":"https:\/\/agora.xtec.cat\/esc-teresabergada\/general\/projecte-la-volta-al-mon\/","title":{"rendered":"Projecte La volta al m\u00f3n"},"content":{"rendered":"<p>Els nens i nenes de la classe dels viatgers hem treballat el projecte de La volta al m\u00f3n, on hem pogut con\u00e8ixer i descobrir els continents, els oceans, els pa\u00efsos i les seves banderes, i els monuments i\/o espais m\u00e9s rellevants.<\/p>\n<p>Clicant la imatge, us convidem a visionar l&#8217;exposici\u00f3 oral que van realitzar davant dels pares.<\/p>\n<p><a href=\"http:\/\/www.kizoa.es\/Editar-V\u00eddeos-Movie-Maker\/d197672032k6097106o1l1\/p5a\"><img loading=\"lazy\" decoding=\"async\" class=\"alignnone size-full wp-image-3098\" src=\"http:\/\/agora.xtec.cat\/esc-teresabergada\/wp-content\/uploads\/usu1533\/2018\/06\/mon.jpg\" alt=\"\" width=\"300\" height=\"225\" \/><\/a><\/p>\n","protected":false},"excerpt":{"rendered":"<p>Els nens i nenes de la classe dels viatgers hem treballat el projecte de La volta al m\u00f3n, on hem pogut con\u00e8ixer i descobrir els continents, els oceans, els pa\u00efsos i les seves banderes, i els monuments i\/o espais m\u00e9s rellevants.<br \/>\nClicant la imatge, us convidem&hellip;  <a href=\"https:\/\/agora.xtec.cat\/esc-teresabergada\/general\/projecte-la-volta-al-mon\/\" title=\"Read Projecte La volta al m\u00f3n\">Llegeix m\u00e9s\u00bb<\/a><\/p>\n","protected":false},"author":7,"featured_media":3097,"comment_status":"open","ping_status":"closed","sticky":false,"template":"","format":"standard","meta":{"_bbp_topic_count":0,"_bbp_reply_count":0,"_bbp_total_topic_count":0,"_bbp_total_reply_count":0,"_bbp_voice_count":0,"_bbp_anonymous_reply_count":0,"_bbp_topic_count_hidden":0,"_bbp_reply_count_hidden":0,"_bbp_forum_subforum_count":0,"footnotes":""},"categories":[1,2],"tags":[],"class_list":["post-3080","post","type-post","status-publish","format-standard","has-post-thumbnail","hentry","category-general","category-infantil"],"post_mailing_queue_ids":[],"_links":{"self":[{"href":"https:\/\/agora.xtec.cat\/esc-teresabergada\/wp-json\/wp\/v2\/posts\/3080","targetHints":{"allow":["GET"]}}],"collection":[{"href":"https:\/\/agora.xtec.cat\/esc-teresabergada\/wp-json\/wp\/v2\/posts"}],"about":[{"href":"https:\/\/agora.xtec.cat\/esc-teresabergada\/wp-json\/wp\/v2\/types\/post"}],"author":[{"embeddable":true,"href":"https:\/\/agora.xtec.cat\/esc-teresabergada\/wp-json\/wp\/v2\/users\/7"}],"replies":[{"embeddable":true,"href":"https:\/\/agora.xtec.cat\/esc-teresabergada\/wp-json\/wp\/v2\/comments?post=3080"}],"version-history":[{"count":2,"href":"https:\/\/agora.xtec.cat\/esc-teresabergada\/wp-json\/wp\/v2\/posts\/3080\/revisions"}],"predecessor-version":[{"id":3101,"href":"https:\/\/agora.xtec.cat\/esc-teresabergada\/wp-json\/wp\/v2\/posts\/3080\/revisions\/3101"}],"wp:featuredmedia":[{"embeddable":true,"href":"https:\/\/agora.xtec.cat\/esc-teresabergada\/wp-json\/wp\/v2\/media\/3097"}],"wp:attachment":[{"href":"https:\/\/agora.xtec.cat\/esc-teresabergada\/wp-json\/wp\/v2\/media?parent=3080"}],"wp:term":[{"taxonomy":"category","embeddable":true,"href":"https:\/\/agora.xtec.cat\/esc-teresabergada\/wp-json\/wp\/v2\/categories?post=3080"},{"taxonomy":"post_tag","embeddable":true,"href":"https:\/\/agora.xtec.cat\/esc-teresabergada\/wp-json\/wp\/v2\/tags?post=3080"}],"curies":[{"name":"wp","href":"https:\/\/api.w.org\/{rel}","templated":true}]}}