{"id":3000,"date":"2018-05-23T17:19:24","date_gmt":"2018-05-23T15:19:24","guid":{"rendered":"http:\/\/agora.xtec.cat\/esc-teresabergada\/?p=3000"},"modified":"2019-09-27T18:15:21","modified_gmt":"2019-09-27T16:15:21","slug":"la-ciencia-al-carrer","status":"publish","type":"post","link":"https:\/\/agora.xtec.cat\/esc-teresabergada\/general\/la-ciencia-al-carrer\/","title":{"rendered":"La ci\u00e8ncia al carrer"},"content":{"rendered":"<p>El dia 26 de maig es\u00a0va celebrar la <strong>Ci\u00e8ncia al Carrer<\/strong>, una fira adre\u00e7ada a tothom que es faci preguntes sobre el m\u00f3n que l&#8217;envolta i busqui solucions a trav\u00e9s d&#8217;<strong>experiments.<\/strong><\/p>\n<p>Un any m\u00e9s la nostra escola ha volgut\u00a0 formar part dels\u00a0 m\u00e9s de 39 centres escolars inscrits, presentant algunes de les experi\u00e8ncies realitzades durant el curs en el nivell de Cicle Inicial.<\/p>\n<p><a href=\"https:\/\/www.youtube.com\/watch?v=uSVd7nkhpOE\">Aqu\u00ed\u00a0 teniu un dels experiments fets on aprenem quina rel<\/a><a href=\"https:\/\/www.youtube.com\/watch?v=uSVd7nkhpOE\">aci\u00f3 hi ha<\/a>\u00a0<a style=\"font-family: inherit;font-size: 1em\" href=\"https:\/\/www.youtube.com\/watch?v=uSVd7nkhpOE\">entre el color i la llum<\/a><span style=\"font-family: inherit;font-size: 1em\">.<\/span><\/p>\n<p>\u00c9s molt engrescador veure com els nostres nens i nenes donen\u00a0 explicacions t\u00e8cniques de ci\u00e8ncia a totes les persones (grans o petites) que s&#8217;acosten a la taula interessats en all\u00f2 que fan.<\/p>\n<p><a href=\"https:\/\/photos.google.com\/u\/2\/album\/AF1QipOldwhcwd89H7S-RBdMUNPtw0k-1uQjTOy6HoQf\">Aqu\u00ed en podreu veure unes fotos de l&#8217;experi\u00e8ncia.<\/a><\/p>\n<p>Agra\u00efm la participaci\u00f3 de tots els\/les alumnes implicats i a les seves fam\u00edlies, aix\u00ed com als mestres que han fet possible que es pugui realitzar un any m\u00e9s.<\/p>\n","protected":false},"excerpt":{"rendered":"<p>El dia 26 de maig es\u00a0va celebrar la Ci\u00e8ncia al Carrer, una fira adre\u00e7ada a tothom que es faci preguntes sobre el m\u00f3n que l&#8217;envolta i busqui solucions a trav\u00e9s d&#8217;experiments.<br \/>\nUn any m\u00e9s la nostra escola ha volgut\u00a0 formar part dels\u00a0 m\u00e9s de 39 centres&hellip;  <a href=\"https:\/\/agora.xtec.cat\/esc-teresabergada\/general\/la-ciencia-al-carrer\/\" title=\"Read La ci\u00e8ncia al carrer\">Llegeix m\u00e9s\u00bb<\/a><\/p>\n","protected":false},"author":16,"featured_media":3006,"comment_status":"open","ping_status":"closed","sticky":false,"template":"","format":"standard","meta":{"_bbp_topic_count":0,"_bbp_reply_count":0,"_bbp_total_topic_count":0,"_bbp_total_reply_count":0,"_bbp_voice_count":0,"_bbp_anonymous_reply_count":0,"_bbp_topic_count_hidden":0,"_bbp_reply_count_hidden":0,"_bbp_forum_subforum_count":0,"footnotes":""},"categories":[250,349,1],"tags":[135,217,321,320],"class_list":["post-3000","post","type-post","status-publish","format-standard","has-post-thumbnail","hentry","category-4t","category-5e","category-general","tag-cicle-inicial","tag-ciencia-al-carrer","tag-llum","tag-reflexio"],"post_mailing_queue_ids":[],"_links":{"self":[{"href":"https:\/\/agora.xtec.cat\/esc-teresabergada\/wp-json\/wp\/v2\/posts\/3000","targetHints":{"allow":["GET"]}}],"collection":[{"href":"https:\/\/agora.xtec.cat\/esc-teresabergada\/wp-json\/wp\/v2\/posts"}],"about":[{"href":"https:\/\/agora.xtec.cat\/esc-teresabergada\/wp-json\/wp\/v2\/types\/post"}],"author":[{"embeddable":true,"href":"https:\/\/agora.xtec.cat\/esc-teresabergada\/wp-json\/wp\/v2\/users\/16"}],"replies":[{"embeddable":true,"href":"https:\/\/agora.xtec.cat\/esc-teresabergada\/wp-json\/wp\/v2\/comments?post=3000"}],"version-history":[{"count":3,"href":"https:\/\/agora.xtec.cat\/esc-teresabergada\/wp-json\/wp\/v2\/posts\/3000\/revisions"}],"predecessor-version":[{"id":3011,"href":"https:\/\/agora.xtec.cat\/esc-teresabergada\/wp-json\/wp\/v2\/posts\/3000\/revisions\/3011"}],"wp:featuredmedia":[{"embeddable":true,"href":"https:\/\/agora.xtec.cat\/esc-teresabergada\/wp-json\/wp\/v2\/media\/3006"}],"wp:attachment":[{"href":"https:\/\/agora.xtec.cat\/esc-teresabergada\/wp-json\/wp\/v2\/media?parent=3000"}],"wp:term":[{"taxonomy":"category","embeddable":true,"href":"https:\/\/agora.xtec.cat\/esc-teresabergada\/wp-json\/wp\/v2\/categories?post=3000"},{"taxonomy":"post_tag","embeddable":true,"href":"https:\/\/agora.xtec.cat\/esc-teresabergada\/wp-json\/wp\/v2\/tags?post=3000"}],"curies":[{"name":"wp","href":"https:\/\/api.w.org\/{rel}","templated":true}]}}