{"id":2996,"date":"2018-05-23T07:17:02","date_gmt":"2018-05-23T05:17:02","guid":{"rendered":"http:\/\/agora.xtec.cat\/esc-teresabergada\/?p=2996"},"modified":"2019-09-27T13:49:28","modified_gmt":"2019-09-27T11:49:28","slug":"per-llepar-sen-els-dits","status":"publish","type":"post","link":"https:\/\/agora.xtec.cat\/esc-teresabergada\/blocs-de-primaria\/4t\/per-llepar-sen-els-dits\/","title":{"rendered":"Per llepar-se&#8217;n els dits"},"content":{"rendered":"<p style=\"text-align: justify;\">Els i les alumnes us volem presentar\u00a0els plats gastron\u00f2mics\u00a0que hem creat en l&#8217;\u00faltima de les sessions d&#8217;<strong>equips cooperatius<\/strong>.<\/p>\n<p style=\"text-align: justify;\">Per\u00f2 perqu\u00e8 vegueu com hem arribat fins aqu\u00ed us ho volem explicar:<\/p>\n<ul>\n<li style=\"text-align: justify;\">per una banda, com b\u00e9 sabeu a finals del mes de febrer vam realitzar una sortida a Lleida, on a m\u00e9s a m\u00e9s de visitar el parc de la Mitjana per encetar el projecte de Les Plantes tamb\u00e9 vam poder gaudir d&#8217;un fant\u00e0stic mat\u00ed de curtmetratges\u00a0de la m\u00e0 d&#8217;Animac. Aqu\u00ed \u00e9s on comen\u00e7a la nostra curiositat pel <strong>m\u00f3n de l&#8217;animaci\u00f3<\/strong> i en diferents sessions d&#8217;art comencem a fer les nostres primeres proves de com donar vida a objectes que realment no en tenen; \u00e9s a dir, a fer-los moure per art de m\u00e0gia.<\/li>\n<\/ul>\n<p>&nbsp;<\/p>\n<ul>\n<li style=\"text-align: justify;\">d&#8217;altra banda, a l&#8217;espai setmanal de tipologies textuals, vam comen\u00e7ar a con\u00e8ixer i identificar les caracter\u00edstiques pr\u00f2pies de <strong>les receptes<\/strong> a partir de llibres de cuina, tant per a adults com infantils. Ens vam adonar de les pistes que ens d\u00f3na el t\u00edtol per saber en qu\u00e8 consisteix el plat que volem preparar, la import\u00e0ncia del dibuix \/ fotografia de la recepta una vegada finalitzada i com n&#8217;\u00e9s d&#8217;important escriure els passos ben ordenats per tal que el resultat final sigui el desitjat.<\/li>\n<\/ul>\n<p style=\"text-align: justify;\">\u00c9s d&#8217;aquesta manera que les <strong>sessions d&#8217;art<\/strong> es van convertir en espais en que el respecte, la cooperaci\u00f3 i la responsabilitat serien els\u00a0valors que s&#8217;anirien coient a foc lent ja que l&#8217;objectiu era\u00a0escriure una <strong>recepta basada en fruita de temporada i de proximitat<\/strong>. A m\u00e9s a m\u00e9s, vam voler posar en joc unes primeres nocions d&#8217;animaci\u00f3\u00a0tot fent <strong>StopMotion\u00a0<\/strong>per presentar els ingredients principals de les receptes.<\/p>\n<p style=\"text-align: justify;\">Us convidem a veure aquest v\u00eddeo resum d&#8217;aquest <strong>llarg proc\u00e9s de multiaprenentatges<\/strong> (\u00fas d&#8217;eines digitals per donar informaci\u00f3, creaci\u00f3 de textos amb significat i funcionalitat, cura i consum responsable d&#8217;aliments, 1+1+1+1=molt m\u00e9s que 4).<\/p>\n<p><iframe loading=\"lazy\" title=\"Vi\u0301deoReceptes\" width=\"500\" height=\"281\" src=\"https:\/\/www.youtube.com\/embed\/FtBrdkShxq8?feature=oembed\" frameborder=\"0\" allow=\"accelerometer; autoplay; clipboard-write; encrypted-media; gyroscope; picture-in-picture; web-share\" referrerpolicy=\"strict-origin-when-cross-origin\" allowfullscreen><\/iframe><\/p>\n<p style=\"text-align: justify;\">No us enganyarem! El millor de tot va ser menjar-nos els plats que hav\u00edem preparat! No vam tardar ni dos minuts!!<\/p>\n<p style=\"text-align: justify;\">Ja per acabar us deixem les fotografies que hem anat fent durant les diferents activitats.\u00a0<em>(feu clic a la fotografia de les fruites)<\/em><\/p>\n<p style=\"text-align: justify;\"><a href=\"https:\/\/photos.app.goo.gl\/rlLCFFsYT8b638KS2\" target=\"_blank\" rel=\"noopener noreferrer\"><img loading=\"lazy\" decoding=\"async\" class=\"aligncenter wp-image-2997 size-full\" src=\"http:\/\/agora.xtec.cat\/esc-teresabergada\/wp-content\/uploads\/usu1533\/2018\/05\/cistella-fruita-ecologica-500x333.jpg\" alt=\"\" width=\"600\" height=\"400\" srcset=\"https:\/\/agora.xtec.cat\/esc-teresabergada\/wp-content\/uploads\/usu1533\/2018\/05\/cistella-fruita-ecologica-500x333.jpg 600w, https:\/\/agora.xtec.cat\/esc-teresabergada\/wp-content\/uploads\/usu1533\/2018\/05\/cistella-fruita-ecologica-500x333-300x200.jpg 300w\" sizes=\"auto, (max-width: 600px) 100vw, 600px\" \/><\/a><\/p>\n","protected":false},"excerpt":{"rendered":"<p>Els i les alumnes us volem presentar\u00a0els plats gastron\u00f2mics\u00a0que hem creat en l&#8217;\u00faltima de les sessions d&#8217;equips cooperatius.<br \/>\nPer\u00f2 perqu\u00e8 vegueu com hem arribat fins aqu\u00ed us ho volem explicar:<\/p>\n<ul>\n<li style=\"text-align: justify;\">per una banda, com b\u00e9 sabeu a finals del mes de febrer vam realitzar una&hellip;  <a href=\"https:\/\/agora.xtec.cat\/esc-teresabergada\/blocs-de-primaria\/4t\/per-llepar-sen-els-dits\/\" title=\"Read Per llepar-se&#8217;n els dits\">Llegeix m\u00e9s\u00bb<\/a><br \/>\n","protected":false},"author":1,"featured_media":2997,"comment_status":"open","ping_status":"closed","sticky":false,"template":"","format":"standard","meta":{"_bbp_topic_count":0,"_bbp_reply_count":0,"_bbp_total_topic_count":0,"_bbp_total_reply_count":0,"_bbp_voice_count":0,"_bbp_anonymous_reply_count":0,"_bbp_topic_count_hidden":0,"_bbp_reply_count_hidden":0,"_bbp_forum_subforum_count":0,"footnotes":""},"categories":[250],"tags":[319,244,431,164,254],"class_list":["post-2996","post","type-post","status-publish","format-standard","has-post-thumbnail","hentry","category-4t","tag-animacio","tag-art","tag-fruita","tag-receptes","tag-tipologies-textuals"],"post_mailing_queue_ids":[],"_links":{"self":[{"href":"https:\/\/agora.xtec.cat\/esc-teresabergada\/wp-json\/wp\/v2\/posts\/2996","targetHints":{"allow":["GET"]}}],"collection":[{"href":"https:\/\/agora.xtec.cat\/esc-teresabergada\/wp-json\/wp\/v2\/posts"}],"about":[{"href":"https:\/\/agora.xtec.cat\/esc-teresabergada\/wp-json\/wp\/v2\/types\/post"}],"author":[{"embeddable":true,"href":"https:\/\/agora.xtec.cat\/esc-teresabergada\/wp-json\/wp\/v2\/users\/1"}],"replies":[{"embeddable":true,"href":"https:\/\/agora.xtec.cat\/esc-teresabergada\/wp-json\/wp\/v2\/comments?post=2996"}],"version-history":[{"count":2,"href":"https:\/\/agora.xtec.cat\/esc-teresabergada\/wp-json\/wp\/v2\/posts\/2996\/revisions"}],"predecessor-version":[{"id":2999,"href":"https:\/\/agora.xtec.cat\/esc-teresabergada\/wp-json\/wp\/v2\/posts\/2996\/revisions\/2999"}],"wp:featuredmedia":[{"embeddable":true,"href":"https:\/\/agora.xtec.cat\/esc-teresabergada\/wp-json\/wp\/v2\/media\/2997"}],"wp:attachment":[{"href":"https:\/\/agora.xtec.cat\/esc-teresabergada\/wp-json\/wp\/v2\/media?parent=2996"}],"wp:term":[{"taxonomy":"category","embeddable":true,"href":"https:\/\/agora.xtec.cat\/esc-teresabergada\/wp-json\/wp\/v2\/categories?post=2996"},{"taxonomy":"post_tag","embeddable":true,"href":"https:\/\/agora.xtec.cat\/esc-teresabergada\/wp-json\/wp\/v2\/tags?post=2996"}],"curies":[{"name":"wp","href":"https:\/\/api.w.org\/{rel}","templated":true}]}}