{"id":2988,"date":"2018-05-22T14:32:54","date_gmt":"2018-05-22T12:32:54","guid":{"rendered":"http:\/\/agora.xtec.cat\/esc-teresabergada\/?p=2988"},"modified":"2020-09-07T18:08:35","modified_gmt":"2020-09-07T16:08:35","slug":"projecte-capses-de-vida","status":"publish","type":"post","link":"https:\/\/agora.xtec.cat\/esc-teresabergada\/general\/projecte-capses-de-vida\/","title":{"rendered":"Projecte CAPSES DE VIDA"},"content":{"rendered":"<p>Els nens i nenes de P3 hem treballat el <strong>Projecte <\/strong>de les<strong> CAPSES DE VIDA<\/strong>, tot endinsant-nos en l&#8217;apassionant m\u00f3n dels nadons i les curiositats de la vida. Tot aprenent, donem resposta a les preguntes ancestrals de l&#8217;\u00e9sser hum\u00e0.<\/p>\n<p>A continuaci\u00f3 us mostrem el <strong>producte fina<\/strong>l d&#8217;aquest Projecte, una exposici\u00f3 oral dels processos d&#8217;aprenentatge, davant d&#8217;un p\u00fablic molt especial, els pares i mares.<\/p>\n<p>&nbsp;<\/p>\n<p><a href=\"http:\/\/www.kizoa.es\/Editar-V\u00eddeos-Movie-Maker\/d193603036k9982814o1l1\/exposici-p3a\">Exposici\u00f3 P3A<\/a><\/p>\n<p><a href=\"http:\/\/agora.xtec.cat\/esc-teresabergada\/wp-content\/uploads\/usu1533\/2018\/05\/IMG_4942.jpg\"><img loading=\"lazy\" decoding=\"async\" class=\"wp-image-2989 alignright\" src=\"http:\/\/agora.xtec.cat\/esc-teresabergada\/wp-content\/uploads\/usu1533\/2018\/05\/IMG_4942.jpg\" alt=\"\" width=\"476\" height=\"357\" \/><\/a><\/p>\n<p><a href=\"http:\/\/www.kizoa.es\/Editar-V\u00eddeos-Movie-Maker\/d193702909k2612352o1l1\/exposici-p3b\">Exposici\u00f3 P3B<\/a><\/p>\n<p>&nbsp;<\/p>\n","protected":false},"excerpt":{"rendered":"<p>A continuaci\u00f3 us mostrem el producte final d&#8217;aquest Projecte, una exposici\u00f3 oral dels processos d&#8217;aprenentatge, davant d&#8217;un p\u00fablic molt especial, els pares i mares.&hellip;  <a href=\"https:\/\/agora.xtec.cat\/esc-teresabergada\/general\/projecte-capses-de-vida\/\" title=\"Read Projecte CAPSES DE VIDA\">Llegeix m\u00e9s\u00bb<\/a><\/p>\n","protected":false},"author":1,"featured_media":0,"comment_status":"open","ping_status":"closed","sticky":false,"template":"","format":"standard","meta":{"_bbp_topic_count":0,"_bbp_reply_count":0,"_bbp_total_topic_count":0,"_bbp_total_reply_count":0,"_bbp_voice_count":0,"_bbp_anonymous_reply_count":0,"_bbp_topic_count_hidden":0,"_bbp_reply_count_hidden":0,"_bbp_forum_subforum_count":0,"footnotes":""},"categories":[348,1,2],"tags":[266,317,121,124,106],"class_list":["post-2988","post","type-post","status-publish","format-standard","hentry","category-1r","category-general","category-infantil","tag-caixa-de-la-vida","tag-capses-de-vida","tag-educacio-infantil","tag-projectes","tag-video"],"post_mailing_queue_ids":[],"_links":{"self":[{"href":"https:\/\/agora.xtec.cat\/esc-teresabergada\/wp-json\/wp\/v2\/posts\/2988","targetHints":{"allow":["GET"]}}],"collection":[{"href":"https:\/\/agora.xtec.cat\/esc-teresabergada\/wp-json\/wp\/v2\/posts"}],"about":[{"href":"https:\/\/agora.xtec.cat\/esc-teresabergada\/wp-json\/wp\/v2\/types\/post"}],"author":[{"embeddable":true,"href":"https:\/\/agora.xtec.cat\/esc-teresabergada\/wp-json\/wp\/v2\/users\/1"}],"replies":[{"embeddable":true,"href":"https:\/\/agora.xtec.cat\/esc-teresabergada\/wp-json\/wp\/v2\/comments?post=2988"}],"version-history":[{"count":3,"href":"https:\/\/agora.xtec.cat\/esc-teresabergada\/wp-json\/wp\/v2\/posts\/2988\/revisions"}],"predecessor-version":[{"id":2995,"href":"https:\/\/agora.xtec.cat\/esc-teresabergada\/wp-json\/wp\/v2\/posts\/2988\/revisions\/2995"}],"wp:attachment":[{"href":"https:\/\/agora.xtec.cat\/esc-teresabergada\/wp-json\/wp\/v2\/media?parent=2988"}],"wp:term":[{"taxonomy":"category","embeddable":true,"href":"https:\/\/agora.xtec.cat\/esc-teresabergada\/wp-json\/wp\/v2\/categories?post=2988"},{"taxonomy":"post_tag","embeddable":true,"href":"https:\/\/agora.xtec.cat\/esc-teresabergada\/wp-json\/wp\/v2\/tags?post=2988"}],"curies":[{"name":"wp","href":"https:\/\/api.w.org\/{rel}","templated":true}]}}