{"id":2971,"date":"2018-05-17T20:39:25","date_gmt":"2018-05-17T18:39:25","guid":{"rendered":"http:\/\/agora.xtec.cat\/esc-teresabergada\/?p=2971"},"modified":"2020-09-08T06:42:16","modified_gmt":"2020-09-08T04:42:16","slug":"fem-ciencia-a-lescola-congres-anna-gene","status":"publish","type":"post","link":"https:\/\/agora.xtec.cat\/esc-teresabergada\/portada\/fem-ciencia-a-lescola-congres-anna-gene\/","title":{"rendered":"FEM CI\u00c8NCIA A L&#8217;ESCOLA. CONGR\u00c9S ANNA GEN\u00c9"},"content":{"rendered":"<h3 style=\"text-align: justify;\">Avui l&#8217;alumnat de cicle mitj\u00e0 hem assistit al 5\u00e8 congr\u00e9s de ci\u00e8ncia Anna Gen\u00e9, que es porta terme els dies 16, 17 i 18 de maig, a l&#8217;auditori del Centre de cultures de la Universitat de Lleida (UdL).<\/h3>\n<p>&nbsp;<\/p>\n<h3 style=\"text-align: justify;\">El Congr\u00e9s t\u00e9 l\u2019objectiu d\u2019afavorir i difondre el treball cient\u00edfic dels escolars d\u2019educaci\u00f3 infantil i prim\u00e0ria, i mant\u00e9 una estreta vinculaci\u00f3 amb el ja consolidat Dia de la Ci\u00e8ncia al Carrer.<\/h3>\n<h3 style=\"text-align: justify;\"><span lang=\"CA\">En el Congr\u00e9s els veritables protagonistes s\u00f3n els nens i nenes, at\u00e8s que s\u00f3n ells i elles els ponents encarregats de compartir les seves viv\u00e8ncies i aprenentatges amb tot el p\u00fablic assistent. <\/span><\/h3>\n<h3 style=\"text-align: justify;\"><span lang=\"CA\">Nosaltres hem anat a exposar un dels tallers cient\u00edfics que hem treballat a l&#8217;escola: &#8220;Qu\u00e8 s\u00f3n els n\u00falols&#8221;? Ha sigut una experi\u00e8ncia molt gratificant i ens ha agradat molt participar-hi.<\/span><\/h3>\n<p>&nbsp;<\/p>\n<h3 style=\"text-align: justify;\"><span lang=\"CA\">Us deixem l&#8217;enlla\u00e7 a la web del congr\u00e9s perqu\u00e8 all\u00ed hi trobareu el v\u00eddeo i Power Point de la nostra pon\u00e8ncia i, a m\u00e9s, de totes les altres escoles que hi han participat.<\/span><\/h3>\n<h3><a href=\"https:\/\/sites.google.com\/site\/congresannagene\/home\">https:\/\/sites.google.com\/site\/congresannagene\/home<\/a><\/h3>\n","protected":false},"excerpt":{"rendered":"<p>L&#8217;alumnat de cicle mitj\u00e0 assistim al congr\u00e9s de ci\u00e8ncia Anna Gen\u00e9.&hellip;  <a href=\"https:\/\/agora.xtec.cat\/esc-teresabergada\/portada\/fem-ciencia-a-lescola-congres-anna-gene\/\" title=\"Read FEM CI\u00c8NCIA A L&#8217;ESCOLA. CONGR\u00c9S ANNA GEN\u00c9\">Llegeix m\u00e9s\u00bb<\/a><\/p>\n","protected":false},"author":28,"featured_media":2972,"comment_status":"open","ping_status":"closed","sticky":false,"template":"","format":"standard","meta":{"_bbp_topic_count":0,"_bbp_reply_count":0,"_bbp_total_topic_count":0,"_bbp_total_reply_count":0,"_bbp_voice_count":0,"_bbp_anonymous_reply_count":0,"_bbp_topic_count_hidden":0,"_bbp_reply_count_hidden":0,"_bbp_forum_subforum_count":0,"footnotes":""},"categories":[240,4],"tags":[],"class_list":["post-2971","post","type-post","status-publish","format-standard","has-post-thumbnail","hentry","category-6e","category-portada"],"post_mailing_queue_ids":[],"_links":{"self":[{"href":"https:\/\/agora.xtec.cat\/esc-teresabergada\/wp-json\/wp\/v2\/posts\/2971","targetHints":{"allow":["GET"]}}],"collection":[{"href":"https:\/\/agora.xtec.cat\/esc-teresabergada\/wp-json\/wp\/v2\/posts"}],"about":[{"href":"https:\/\/agora.xtec.cat\/esc-teresabergada\/wp-json\/wp\/v2\/types\/post"}],"author":[{"embeddable":true,"href":"https:\/\/agora.xtec.cat\/esc-teresabergada\/wp-json\/wp\/v2\/users\/28"}],"replies":[{"embeddable":true,"href":"https:\/\/agora.xtec.cat\/esc-teresabergada\/wp-json\/wp\/v2\/comments?post=2971"}],"version-history":[{"count":3,"href":"https:\/\/agora.xtec.cat\/esc-teresabergada\/wp-json\/wp\/v2\/posts\/2971\/revisions"}],"predecessor-version":[{"id":7535,"href":"https:\/\/agora.xtec.cat\/esc-teresabergada\/wp-json\/wp\/v2\/posts\/2971\/revisions\/7535"}],"wp:featuredmedia":[{"embeddable":true,"href":"https:\/\/agora.xtec.cat\/esc-teresabergada\/wp-json\/wp\/v2\/media\/2972"}],"wp:attachment":[{"href":"https:\/\/agora.xtec.cat\/esc-teresabergada\/wp-json\/wp\/v2\/media?parent=2971"}],"wp:term":[{"taxonomy":"category","embeddable":true,"href":"https:\/\/agora.xtec.cat\/esc-teresabergada\/wp-json\/wp\/v2\/categories?post=2971"},{"taxonomy":"post_tag","embeddable":true,"href":"https:\/\/agora.xtec.cat\/esc-teresabergada\/wp-json\/wp\/v2\/tags?post=2971"}],"curies":[{"name":"wp","href":"https:\/\/api.w.org\/{rel}","templated":true}]}}