{"id":2910,"date":"2018-05-02T12:18:38","date_gmt":"2018-05-02T10:18:38","guid":{"rendered":"http:\/\/agora.xtec.cat\/esc-teresabergada\/?p=2910"},"modified":"2019-09-27T18:15:35","modified_gmt":"2019-09-27T16:15:35","slug":"anem-de-colonies","status":"publish","type":"post","link":"https:\/\/agora.xtec.cat\/esc-teresabergada\/blocs-de-primaria\/4t\/anem-de-colonies\/","title":{"rendered":"Anem de col\u00f2nies!!!"},"content":{"rendered":"<p>Ep fam\u00edlies!!!!<\/p>\n<p><img loading=\"lazy\" decoding=\"async\" class=\"wp-image-2913 size-medium alignright\" src=\"http:\/\/agora.xtec.cat\/esc-teresabergada\/wp-content\/uploads\/usu1533\/2018\/05\/4942xl-1-300x200.jpg\" alt=\"\" width=\"300\" height=\"200\" \/><\/p>\n<p style=\"text-align: justify;\">Els nens i nenes de cicle inicial i les senyoretes ja hem arribat a la casa de col\u00f2nies La Capella (Espluga de Francol\u00ed).<\/p>\n<p style=\"text-align: justify;\">Comencem el dia amb molta energia!!!<\/p>\n<p style=\"text-align: justify;\"><a href=\"https:\/\/photos.app.goo.gl\/uaqsA97heh6EQAku2\" target=\"_blank\" rel=\"noopener noreferrer\">Primeres fotografies<\/a><\/p>\n<p style=\"text-align: justify;\">Despr\u00e9s de dinar hem fet el &#8220;check in&#8221;; aix\u00ed que ens hem dirigit a les habitacions per descarregar les supermaletes i ja hem preparat els llits per quan haguem d&#8217;anar a domir. Tot seguit hem gaudit d&#8217;una estona lliure<\/p>\n<p style=\"text-align: justify;\">jugant en els\u00a0diferents espais exteriors\u00a0de la casa i a les 16h ja est\u00e0vem preparats per comen\u00e7ar&#8230; L&#8217;EXCURSI\u00d3 AL <a href=\"https:\/\/photos.app.goo.gl\/w7KD5v39vjxBb6cy7\" target=\"_blank\" rel=\"noopener noreferrer\"><img loading=\"lazy\" decoding=\"async\" class=\"alignleft wp-image-2921 size-medium\" src=\"http:\/\/agora.xtec.cat\/esc-teresabergada\/wp-content\/uploads\/usu1533\/2018\/05\/2018-05-02-PHOTO-00001977-300x225.jpg\" alt=\"\" width=\"300\" height=\"225\" \/><\/a>BOSQUET!<\/p>\n<p style=\"text-align: justify;\">Hem caminat amb els ulls i les orelles ben oberts per aprendre i gaudir de les explicacions dels monitors i hem\u00a0 descobert les roques i plantes m\u00e9s caracter\u00edstiques de l&#8217;entorn.<\/p>\n<p style=\"text-align: justify;\">(feu clic a la fotografia per accedir al segon recull fotogr\u00e0fic)<\/p>\n<p style=\"text-align: justify;\">Hem acabit rendits de tant caminar i jugar durant tot el dia, per aix\u00f2 el sopar ens l&#8217;hem menjat en un tres i no res.<\/p>\n<p style=\"text-align: justify;\">Despr\u00e9s de fer joc de nit amb la Fada Prada i el Follet del Bosc nom\u00e9s ens queda lluir una mica els nostres pijames i dir-vos fins dem\u00e0!! BONA NIT!!<\/p>\n<p style=\"text-align: justify;\"><a href=\"https:\/\/photos.app.goo.gl\/lKqmbPaPkLPFFI6s1\" target=\"_blank\" rel=\"noopener noreferrer\">Fotografies nit<\/a><\/p>\n<p style=\"text-align: justify;\">\n<p style=\"text-align: justify;\">Ja ens despertem i aix\u00f2 \u00e9s un no parar: primer esmorzar, tallers, dinar i estona de lleure abans de marxar.<\/p>\n<p style=\"text-align: justify;\">El resum d&#8217;aquestes col\u00f2nies en\u00a01 paraula: GENIALS!!!!<\/p>\n<p style=\"text-align: justify;\"><a href=\"https:\/\/photos.app.goo.gl\/INYNtpFflG4CVMdG3\" target=\"_blank\" rel=\"noopener noreferrer\">Fotografies del dijous<\/a><\/p>\n","protected":false},"excerpt":{"rendered":"<p>Ep fam\u00edlies!!!!<\/p>\n<p>Els nens i nenes de cicle inicial i les senyoretes ja hem arribat a la casa de col\u00f2nies La Capella (Espluga de Francol\u00ed).<br \/>\nComencem el dia amb molta energia!!!<br \/>\n<a href=\"https:\/\/photos.app.goo.gl\/uaqsA97heh6EQAku2\" target=\"_blank\" rel=\"noopener noreferrer\">Primeres fotografies<\/a><br \/>\nDespr\u00e9s de dinar hem fet el &#8220;check in&#8221;; aix\u00ed que ens hem&hellip;  <a href=\"https:\/\/agora.xtec.cat\/esc-teresabergada\/blocs-de-primaria\/4t\/anem-de-colonies\/\" title=\"Read Anem de col\u00f2nies!!!\">Llegeix m\u00e9s\u00bb<\/a><\/p>\n","protected":false},"author":1,"featured_media":0,"comment_status":"open","ping_status":"closed","sticky":false,"template":"","format":"standard","meta":{"_bbp_topic_count":0,"_bbp_reply_count":0,"_bbp_total_topic_count":0,"_bbp_total_reply_count":0,"_bbp_voice_count":0,"_bbp_anonymous_reply_count":0,"_bbp_topic_count_hidden":0,"_bbp_reply_count_hidden":0,"_bbp_forum_subforum_count":0,"footnotes":""},"categories":[250,349],"tags":[],"class_list":["post-2910","post","type-post","status-publish","format-standard","hentry","category-4t","category-5e"],"post_mailing_queue_ids":[],"_links":{"self":[{"href":"https:\/\/agora.xtec.cat\/esc-teresabergada\/wp-json\/wp\/v2\/posts\/2910","targetHints":{"allow":["GET"]}}],"collection":[{"href":"https:\/\/agora.xtec.cat\/esc-teresabergada\/wp-json\/wp\/v2\/posts"}],"about":[{"href":"https:\/\/agora.xtec.cat\/esc-teresabergada\/wp-json\/wp\/v2\/types\/post"}],"author":[{"embeddable":true,"href":"https:\/\/agora.xtec.cat\/esc-teresabergada\/wp-json\/wp\/v2\/users\/1"}],"replies":[{"embeddable":true,"href":"https:\/\/agora.xtec.cat\/esc-teresabergada\/wp-json\/wp\/v2\/comments?post=2910"}],"version-history":[{"count":3,"href":"https:\/\/agora.xtec.cat\/esc-teresabergada\/wp-json\/wp\/v2\/posts\/2910\/revisions"}],"predecessor-version":[{"id":2931,"href":"https:\/\/agora.xtec.cat\/esc-teresabergada\/wp-json\/wp\/v2\/posts\/2910\/revisions\/2931"}],"wp:attachment":[{"href":"https:\/\/agora.xtec.cat\/esc-teresabergada\/wp-json\/wp\/v2\/media?parent=2910"}],"wp:term":[{"taxonomy":"category","embeddable":true,"href":"https:\/\/agora.xtec.cat\/esc-teresabergada\/wp-json\/wp\/v2\/categories?post=2910"},{"taxonomy":"post_tag","embeddable":true,"href":"https:\/\/agora.xtec.cat\/esc-teresabergada\/wp-json\/wp\/v2\/tags?post=2910"}],"curies":[{"name":"wp","href":"https:\/\/api.w.org\/{rel}","templated":true}]}}