{"id":2902,"date":"2018-04-27T09:01:35","date_gmt":"2018-04-27T07:01:35","guid":{"rendered":"http:\/\/agora.xtec.cat\/esc-teresabergada\/?p=2902"},"modified":"2019-09-27T18:15:40","modified_gmt":"2019-09-27T16:15:40","slug":"visita-dels-agents-rurals","status":"publish","type":"post","link":"https:\/\/agora.xtec.cat\/esc-teresabergada\/blocs-de-primaria\/4t\/visita-dels-agents-rurals\/","title":{"rendered":"Visita dels Agents Rurals"},"content":{"rendered":"<p><img loading=\"lazy\" decoding=\"async\" class=\"size-full wp-image-2905 alignleft\" src=\"http:\/\/agora.xtec.cat\/esc-teresabergada\/wp-content\/uploads\/usu1533\/2018\/04\/EscutCAR2006.jpg\" alt=\"\" width=\"220\" height=\"238\" \/>El Josep i la Montse, 2 agents rurals de la comarca, han vingut a les aules de cicle inicial per tal d&#8217;explicar-nos quines s\u00f3n les seves tasques principals com a &#8220;policies del bosc&#8221;. El que m\u00e9s ens ha cridat l&#8217;atenci\u00f3 \u00e9s la relaci\u00f3 que existeix entre les plantes i els animals que\u00a0habiten als boscos: sense algunes plantes, certs animals no poden viure!!<\/p>\n<p style=\"text-align: justify;\">Com ara estem treballant el projecte de les plantes hem de prendre consci\u00e8ncia de la import\u00e0ncia de tenir cura de la natura que ens envolta i\u00a0que \u00e9s ENTRE TOTS\u00a0que podem fer que sigui possible.<\/p>\n<p style=\"text-align: justify;\">Els dos agents abans de venir a l&#8217;escola van passar pel Centre de Fauna de Vallcalent (Lleida) i aix\u00ed a l&#8217;acabar les diferents xerrades amb tots els grups de cicle inicial vam trobar-nos al pati de l&#8217;escola per alliberar un esparver.<\/p>\n<p><a href=\"https:\/\/photos.app.goo.gl\/zgnV9TwgUcY5PTNB2\" target=\"_blank\" rel=\"noopener noreferrer\">Fotografies visita Agents Rurals<\/a><\/p>\n","protected":false},"excerpt":{"rendered":"<p>El Josep i la Montse, 2 agents rurals de la comarca, han vingut a les aules de cicle inicial per tal d&#8217;explicar-nos quines s\u00f3n les seves tasques principals com a &#8220;policies del bosc&#8221;. El que m\u00e9s ens ha cridat l&#8217;atenci\u00f3 \u00e9s la relaci\u00f3 que existeix&hellip;  <a href=\"https:\/\/agora.xtec.cat\/esc-teresabergada\/blocs-de-primaria\/4t\/visita-dels-agents-rurals\/\" title=\"Read Visita dels Agents Rurals\">Llegeix m\u00e9s\u00bb<\/a><\/p>\n","protected":false},"author":1,"featured_media":0,"comment_status":"open","ping_status":"closed","sticky":false,"template":"","format":"standard","meta":{"_bbp_topic_count":0,"_bbp_reply_count":0,"_bbp_total_topic_count":0,"_bbp_total_reply_count":0,"_bbp_voice_count":0,"_bbp_anonymous_reply_count":0,"_bbp_topic_count_hidden":0,"_bbp_reply_count_hidden":0,"_bbp_forum_subforum_count":0,"footnotes":""},"categories":[250,349],"tags":[],"class_list":["post-2902","post","type-post","status-publish","format-standard","hentry","category-4t","category-5e"],"post_mailing_queue_ids":[],"_links":{"self":[{"href":"https:\/\/agora.xtec.cat\/esc-teresabergada\/wp-json\/wp\/v2\/posts\/2902","targetHints":{"allow":["GET"]}}],"collection":[{"href":"https:\/\/agora.xtec.cat\/esc-teresabergada\/wp-json\/wp\/v2\/posts"}],"about":[{"href":"https:\/\/agora.xtec.cat\/esc-teresabergada\/wp-json\/wp\/v2\/types\/post"}],"author":[{"embeddable":true,"href":"https:\/\/agora.xtec.cat\/esc-teresabergada\/wp-json\/wp\/v2\/users\/1"}],"replies":[{"embeddable":true,"href":"https:\/\/agora.xtec.cat\/esc-teresabergada\/wp-json\/wp\/v2\/comments?post=2902"}],"version-history":[{"count":4,"href":"https:\/\/agora.xtec.cat\/esc-teresabergada\/wp-json\/wp\/v2\/posts\/2902\/revisions"}],"predecessor-version":[{"id":2909,"href":"https:\/\/agora.xtec.cat\/esc-teresabergada\/wp-json\/wp\/v2\/posts\/2902\/revisions\/2909"}],"wp:attachment":[{"href":"https:\/\/agora.xtec.cat\/esc-teresabergada\/wp-json\/wp\/v2\/media?parent=2902"}],"wp:term":[{"taxonomy":"category","embeddable":true,"href":"https:\/\/agora.xtec.cat\/esc-teresabergada\/wp-json\/wp\/v2\/categories?post=2902"},{"taxonomy":"post_tag","embeddable":true,"href":"https:\/\/agora.xtec.cat\/esc-teresabergada\/wp-json\/wp\/v2\/tags?post=2902"}],"curies":[{"name":"wp","href":"https:\/\/api.w.org\/{rel}","templated":true}]}}