{"id":2887,"date":"2018-04-24T22:31:04","date_gmt":"2018-04-24T20:31:04","guid":{"rendered":"http:\/\/agora.xtec.cat\/esc-teresabergada\/?p=2887"},"modified":"2018-04-26T07:07:03","modified_gmt":"2018-04-26T05:07:03","slug":"entre-llibres-i-roses","status":"publish","type":"post","link":"https:\/\/agora.xtec.cat\/esc-teresabergada\/portada\/entre-llibres-i-roses\/","title":{"rendered":"Entre llibres i roses"},"content":{"rendered":"<p style=\"text-align: justify;\">El 23 d&#8217;abril, Sant Jordi, ha estat un dia ben especial,\u00a0on l&#8217;expressi\u00f3 art\u00edstica, la literatura i la cultura han impregnat amb la seva ess\u00e8ncia\u00a0els\u00a0tallers i activitats que han tingut lloc durant tota la diada.<\/p>\n<p style=\"text-align: justify;\"><img loading=\"lazy\" decoding=\"async\" class=\"size-full wp-image-2888 alignleft\" src=\"http:\/\/agora.xtec.cat\/esc-teresabergada\/wp-content\/uploads\/usu1533\/2018\/04\/600_height__sandra_cultura_2018_sant_jordi_2018_ajuntament_caldes_banner__385_x_332px___20180312__mesa_de_trabajo_3-e1524482502303.jpg\" alt=\"\" width=\"300\" height=\"259\" \/><\/p>\n<p style=\"text-align: justify;\">A continuaci\u00f3 us fem arribar <a href=\"https:\/\/photos.app.goo.gl\/UyWFWDOzjQJbYTFl2\" target=\"_blank\" rel=\"noopener noreferrer\">l&#8217;enlla\u00e7 de les fotografies<\/a>\u00a0d&#8217;algunes de les activitats realitzades.<\/p>\n<p style=\"text-align: justify;\">En alguns tallers\u00a0no s&#8217;han pogut capturar els moments viscuts, per\u00f2 s\u00ed que els podeu reviure fent una lectura compartida amb els vostres fills\/filles.<\/p>\n<ul>\n<li style=\"text-align: justify;\">Conte encadenat. <a href=\"https:\/\/drive.google.com\/open?id=1g6wESpgAUS53D5ZUsX5t5NV0IyluHQY2\" target=\"_blank\" rel=\"noopener noreferrer\">El drac de les pessigolles<\/a>.<\/li>\n<li style=\"text-align: justify;\">Posem m\u00fasica a la llegenda de Sant Jordi. <a href=\"https:\/\/youtu.be\/7rWbdtK3Z0A\" target=\"_blank\" rel=\"noopener noreferrer\">Musiquem la Llegenda de Sant Jordi<\/a>.<\/li>\n<li style=\"text-align: justify;\"><a href=\"https:\/\/drive.google.com\/open?id=1eEy99zC4dAl6HU4OGtwALezSu4ux0NvJ\" target=\"_blank\" rel=\"noopener noreferrer\">Lectura expressiva poemes<\/a>.<\/li>\n<li style=\"text-align: justify;\"><a href=\"https:\/\/drive.google.com\/file\/d\/1ntjSeeN90iIeTwj7NqolJ1nJerUeiPPE\/view?usp=sharing\" target=\"_blank\" rel=\"noopener noreferrer\">Confecci\u00f3 d&#8217;un conte<\/a>. (Alumnes de P4)<\/li>\n<\/ul>\n<p style=\"text-align: justify;\">\n","protected":false},"excerpt":{"rendered":"<p>El 23 d&#8217;abril, Sant Jordi, ha estat un dia ben especial,\u00a0on l&#8217;expressi\u00f3 art\u00edstica, la literatura i la cultura han impregnat amb la seva ess\u00e8ncia\u00a0els\u00a0tallers i activitats que han tingut lloc durant tota la diada.<\/p>\n<p>A continuaci\u00f3 us fem arribar <a href=\"https:\/\/photos.app.goo.gl\/UyWFWDOzjQJbYTFl2\" target=\"_blank\" rel=\"noopener noreferrer\">l&#8217;enlla\u00e7 de les&hellip;  <a href=\"https:\/\/agora.xtec.cat\/esc-teresabergada\/portada\/entre-llibres-i-roses\/\" title=\"Read Entre llibres i roses\">Llegeix m\u00e9s\u00bb<\/a><\/p>\n","protected":false},"author":1,"featured_media":0,"comment_status":"open","ping_status":"closed","sticky":false,"template":"","format":"standard","meta":{"_bbp_topic_count":0,"_bbp_reply_count":0,"_bbp_total_topic_count":0,"_bbp_total_reply_count":0,"_bbp_voice_count":0,"_bbp_anonymous_reply_count":0,"_bbp_topic_count_hidden":0,"_bbp_reply_count_hidden":0,"_bbp_forum_subforum_count":0,"footnotes":""},"categories":[4],"tags":[277,63,190,189],"class_list":["post-2887","post","type-post","status-publish","format-standard","hentry","category-portada","tag-escriptura","tag-lectura","tag-sant-jordi","tag-teatre"],"post_mailing_queue_ids":[],"_links":{"self":[{"href":"https:\/\/agora.xtec.cat\/esc-teresabergada\/wp-json\/wp\/v2\/posts\/2887","targetHints":{"allow":["GET"]}}],"collection":[{"href":"https:\/\/agora.xtec.cat\/esc-teresabergada\/wp-json\/wp\/v2\/posts"}],"about":[{"href":"https:\/\/agora.xtec.cat\/esc-teresabergada\/wp-json\/wp\/v2\/types\/post"}],"author":[{"embeddable":true,"href":"https:\/\/agora.xtec.cat\/esc-teresabergada\/wp-json\/wp\/v2\/users\/1"}],"replies":[{"embeddable":true,"href":"https:\/\/agora.xtec.cat\/esc-teresabergada\/wp-json\/wp\/v2\/comments?post=2887"}],"version-history":[{"count":3,"href":"https:\/\/agora.xtec.cat\/esc-teresabergada\/wp-json\/wp\/v2\/posts\/2887\/revisions"}],"predecessor-version":[{"id":2901,"href":"https:\/\/agora.xtec.cat\/esc-teresabergada\/wp-json\/wp\/v2\/posts\/2887\/revisions\/2901"}],"wp:attachment":[{"href":"https:\/\/agora.xtec.cat\/esc-teresabergada\/wp-json\/wp\/v2\/media?parent=2887"}],"wp:term":[{"taxonomy":"category","embeddable":true,"href":"https:\/\/agora.xtec.cat\/esc-teresabergada\/wp-json\/wp\/v2\/categories?post=2887"},{"taxonomy":"post_tag","embeddable":true,"href":"https:\/\/agora.xtec.cat\/esc-teresabergada\/wp-json\/wp\/v2\/tags?post=2887"}],"curies":[{"name":"wp","href":"https:\/\/api.w.org\/{rel}","templated":true}]}}