{"id":2820,"date":"2018-05-31T12:21:37","date_gmt":"2018-05-31T10:21:37","guid":{"rendered":"http:\/\/agora.xtec.cat\/esc-teresabergada\/?p=2820"},"modified":"2020-09-07T18:08:49","modified_gmt":"2020-09-07T16:08:49","slug":"taller-de-relaxacio","status":"publish","type":"post","link":"https:\/\/agora.xtec.cat\/esc-teresabergada\/blocs-de-primaria\/2n\/taller-de-relaxacio\/","title":{"rendered":"Taller de relaxaci\u00f3"},"content":{"rendered":"<p>Els tallers s\u00f3n tamb\u00e9 espais de reflexi\u00f3. Des de l\u2019equip de mestres d\u2019educaci\u00f3 infantil, ens adonem que vivim en una societat que va molt de pressa, i que els nostres infants viuen a un ritme trepidant que no els permet parar. Els acostumem a passar d\u2019una activitat a una altra sense pausa, amb presses.<\/p>\n<p>Sovint, les nostres aules s\u2019omplen de soroll i d\u2019infants nerviosos, Aquest fet, dificulta l\u2019atenci\u00f3 i la concentraci\u00f3 en all\u00f2 que fan. Pares i mestres ens trobem de vegades desbordats, sense saber que fer davant aquesta realitat.<\/p>\n<p>Les tardes de taller ens permeten tamb\u00e9 treballar la relaxaci\u00f3, son estones on es fan realitat activitats que busquen la millora del benestar dels nostres alumnes en les edats precoces per tal que creixin i siguin capa\u00e7os d\u2019aplicar-ho en el seu dia a dia.<\/p>\n<p><a href=\"https:\/\/photos.app.goo.gl\/MoOsgKW6FPJyI30m2\">Compartim algunes de les experi\u00e8ncies que hem viscut al llarg d&#8217;aquest curs.<\/a><\/p>\n","protected":false},"excerpt":{"rendered":"<p>Els tallers s\u00f3n tamb\u00e9 espais de reflexi\u00f3. Des de l\u2019equip de mestres d\u2019educaci\u00f3 infantil, ens adonem que vivim en una societat que va molt de pressa, i que els nostres infants viuen a un ritme trepidant que no els permet parar. Els acostumem a passar&hellip;  <a href=\"https:\/\/agora.xtec.cat\/esc-teresabergada\/blocs-de-primaria\/2n\/taller-de-relaxacio\/\" title=\"Read Taller de relaxaci\u00f3\">Llegeix m\u00e9s\u00bb<\/a><\/p>\n","protected":false},"author":1,"featured_media":3033,"comment_status":"open","ping_status":"closed","sticky":false,"template":"","format":"standard","meta":{"_bbp_topic_count":0,"_bbp_reply_count":0,"_bbp_total_topic_count":0,"_bbp_total_reply_count":0,"_bbp_voice_count":0,"_bbp_anonymous_reply_count":0,"_bbp_topic_count_hidden":0,"_bbp_reply_count_hidden":0,"_bbp_forum_subforum_count":0,"footnotes":""},"categories":[348,153,238],"tags":[],"class_list":["post-2820","post","type-post","status-publish","format-standard","has-post-thumbnail","hentry","category-1r","category-2n","category-3r"],"post_mailing_queue_ids":[],"_links":{"self":[{"href":"https:\/\/agora.xtec.cat\/esc-teresabergada\/wp-json\/wp\/v2\/posts\/2820","targetHints":{"allow":["GET"]}}],"collection":[{"href":"https:\/\/agora.xtec.cat\/esc-teresabergada\/wp-json\/wp\/v2\/posts"}],"about":[{"href":"https:\/\/agora.xtec.cat\/esc-teresabergada\/wp-json\/wp\/v2\/types\/post"}],"author":[{"embeddable":true,"href":"https:\/\/agora.xtec.cat\/esc-teresabergada\/wp-json\/wp\/v2\/users\/1"}],"replies":[{"embeddable":true,"href":"https:\/\/agora.xtec.cat\/esc-teresabergada\/wp-json\/wp\/v2\/comments?post=2820"}],"version-history":[{"count":2,"href":"https:\/\/agora.xtec.cat\/esc-teresabergada\/wp-json\/wp\/v2\/posts\/2820\/revisions"}],"predecessor-version":[{"id":3034,"href":"https:\/\/agora.xtec.cat\/esc-teresabergada\/wp-json\/wp\/v2\/posts\/2820\/revisions\/3034"}],"wp:featuredmedia":[{"embeddable":true,"href":"https:\/\/agora.xtec.cat\/esc-teresabergada\/wp-json\/wp\/v2\/media\/3033"}],"wp:attachment":[{"href":"https:\/\/agora.xtec.cat\/esc-teresabergada\/wp-json\/wp\/v2\/media?parent=2820"}],"wp:term":[{"taxonomy":"category","embeddable":true,"href":"https:\/\/agora.xtec.cat\/esc-teresabergada\/wp-json\/wp\/v2\/categories?post=2820"},{"taxonomy":"post_tag","embeddable":true,"href":"https:\/\/agora.xtec.cat\/esc-teresabergada\/wp-json\/wp\/v2\/tags?post=2820"}],"curies":[{"name":"wp","href":"https:\/\/api.w.org\/{rel}","templated":true}]}}