{"id":2738,"date":"2018-04-03T12:25:26","date_gmt":"2018-04-03T10:25:26","guid":{"rendered":"http:\/\/agora.xtec.cat\/esc-teresabergada\/?p=2738"},"modified":"2019-09-27T18:15:55","modified_gmt":"2019-09-27T16:15:55","slug":"la-primavera-ja-es-aqui","status":"publish","type":"post","link":"https:\/\/agora.xtec.cat\/esc-teresabergada\/blocs-de-primaria\/4t\/la-primavera-ja-es-aqui\/","title":{"rendered":"La primavera ja \u00e9s aqu\u00ed"},"content":{"rendered":"<p>L&#8217;\u00faltim dia del trimestre, els i les alumnes de cicle inicial, vam gaudir d&#8217;all\u00f2 m\u00e9s realitzant una activitat ben important en el nostre projecte LES PLANTES: la preparaci\u00f3 \u00a0del nostre petit hort.<\/p>\n<p>Per una banda, vam escollir la paleta de colors amb qu\u00e8 volem repintar els palots i per l&#8217;altra i la posada a punt de la terra (remenar-la, afegir-n&#8217;hi de nova i posant-hi una mica d&#8217;adob).<\/p>\n<p>Per l&#8217;altra, vam aprofitar l&#8217;espai del bosquet per fer lectures de poemes de tem\u00e0tica primaveral, tant per part de la\u00a0mestra com per part\u00a0dels alumnes.<\/p>\n<p>&nbsp;<\/p>\n<p>Aqu\u00ed teniu algun instant\u00e0nies de l&#8217;activitat <a href=\"https:\/\/photos.app.goo.gl\/bX5T1lneNgBm1xTf2\" target=\"_blank\" rel=\"noopener noreferrer\">TALLER DE PRIMAVERA<\/a><\/p>\n<p>&nbsp;<\/p>\n<p>&nbsp;<\/p>\n<p>&nbsp;<\/p>\n","protected":false},"excerpt":{"rendered":"<p>L&#8217;\u00faltim dia del trimestre, els i les alumnes de cicle inicial, vam gaudir d&#8217;all\u00f2 m\u00e9s realitzant una activitat ben important en el nostre projecte LES PLANTES: la preparaci\u00f3 \u00a0del nostre petit hort.<br \/>\nPer una banda, vam escollir la paleta de colors amb qu\u00e8 volem repintar els&hellip;  <a href=\"https:\/\/agora.xtec.cat\/esc-teresabergada\/blocs-de-primaria\/4t\/la-primavera-ja-es-aqui\/\" title=\"Read La primavera ja \u00e9s aqu\u00ed\">Llegeix m\u00e9s\u00bb<\/a><\/p>\n","protected":false},"author":1,"featured_media":2739,"comment_status":"open","ping_status":"closed","sticky":false,"template":"","format":"standard","meta":{"_bbp_topic_count":0,"_bbp_reply_count":0,"_bbp_total_topic_count":0,"_bbp_total_reply_count":0,"_bbp_voice_count":0,"_bbp_anonymous_reply_count":0,"_bbp_topic_count_hidden":0,"_bbp_reply_count_hidden":0,"_bbp_forum_subforum_count":0,"footnotes":""},"categories":[250,349],"tags":[],"class_list":["post-2738","post","type-post","status-publish","format-standard","has-post-thumbnail","hentry","category-4t","category-5e"],"post_mailing_queue_ids":[],"_links":{"self":[{"href":"https:\/\/agora.xtec.cat\/esc-teresabergada\/wp-json\/wp\/v2\/posts\/2738","targetHints":{"allow":["GET"]}}],"collection":[{"href":"https:\/\/agora.xtec.cat\/esc-teresabergada\/wp-json\/wp\/v2\/posts"}],"about":[{"href":"https:\/\/agora.xtec.cat\/esc-teresabergada\/wp-json\/wp\/v2\/types\/post"}],"author":[{"embeddable":true,"href":"https:\/\/agora.xtec.cat\/esc-teresabergada\/wp-json\/wp\/v2\/users\/1"}],"replies":[{"embeddable":true,"href":"https:\/\/agora.xtec.cat\/esc-teresabergada\/wp-json\/wp\/v2\/comments?post=2738"}],"version-history":[{"count":2,"href":"https:\/\/agora.xtec.cat\/esc-teresabergada\/wp-json\/wp\/v2\/posts\/2738\/revisions"}],"predecessor-version":[{"id":2741,"href":"https:\/\/agora.xtec.cat\/esc-teresabergada\/wp-json\/wp\/v2\/posts\/2738\/revisions\/2741"}],"wp:featuredmedia":[{"embeddable":true,"href":"https:\/\/agora.xtec.cat\/esc-teresabergada\/wp-json\/wp\/v2\/media\/2739"}],"wp:attachment":[{"href":"https:\/\/agora.xtec.cat\/esc-teresabergada\/wp-json\/wp\/v2\/media?parent=2738"}],"wp:term":[{"taxonomy":"category","embeddable":true,"href":"https:\/\/agora.xtec.cat\/esc-teresabergada\/wp-json\/wp\/v2\/categories?post=2738"},{"taxonomy":"post_tag","embeddable":true,"href":"https:\/\/agora.xtec.cat\/esc-teresabergada\/wp-json\/wp\/v2\/tags?post=2738"}],"curies":[{"name":"wp","href":"https:\/\/api.w.org\/{rel}","templated":true}]}}