{"id":2729,"date":"2018-03-24T12:43:57","date_gmt":"2018-03-24T11:43:57","guid":{"rendered":"http:\/\/agora.xtec.cat\/esc-teresabergada\/?p=2729"},"modified":"2020-09-08T06:29:43","modified_gmt":"2020-09-08T04:29:43","slug":"una-sortida-molt-dolca","status":"publish","type":"post","link":"https:\/\/agora.xtec.cat\/esc-teresabergada\/blocs-de-primaria\/4t\/una-sortida-molt-dolca\/","title":{"rendered":"UNA SORTIDA MOLT DOL\u00c7A!"},"content":{"rendered":"<h3>Divendres, 23 de mar\u00e7, l&#8217;alumnat de Cicle Mitj\u00e0 vam fer una sortida per finalitzar el segon trimestre.<\/h3>\n<h3>Vam anar a Sant Sadurn\u00ed d&#8217;Anoia a visitar l&#8217;espai xocolata Sim\u00f3n Coll. All\u00ed vam poder saber d&#8217;on prov\u00e9 el xocolata i quin proc\u00e8s segueix fins a que ens el trobem a les botigues. Vam veure una cadena de producci\u00f3 i vam realitzar un taller on vam fer un tastet de diferents xocolates!<\/h3>\n<h3>Despr\u00e9s d&#8217;aquesta visita vam continuar el recorregut per Sant Sadurn\u00ed fins a les caves Blancher, on ens van explicar curiositats sobre com es fa el cava i com s&#8217;embotella i s&#8217;emmagatzema anys i anys fins a sortir a la venda.<\/h3>\n<h3>Va ser una sortida molt interessant i sobretot molt dol\u00e7a!<\/h3>\n<p>&nbsp;<\/p>\n","protected":false},"excerpt":{"rendered":"<p>Visita combinada Espai Xocolata Sim\u00f3n Coll i caves Blancher&hellip;  <a href=\"https:\/\/agora.xtec.cat\/esc-teresabergada\/blocs-de-primaria\/4t\/una-sortida-molt-dolca\/\" title=\"Read UNA SORTIDA MOLT DOL\u00c7A!\">Llegeix m\u00e9s\u00bb<\/a><\/p>\n","protected":false},"author":28,"featured_media":2734,"comment_status":"open","ping_status":"closed","sticky":false,"template":"","format":"standard","meta":{"_bbp_topic_count":0,"_bbp_reply_count":0,"_bbp_total_topic_count":0,"_bbp_total_reply_count":0,"_bbp_voice_count":0,"_bbp_anonymous_reply_count":0,"_bbp_topic_count_hidden":0,"_bbp_reply_count_hidden":0,"_bbp_forum_subforum_count":0,"footnotes":""},"categories":[250],"tags":[],"class_list":["post-2729","post","type-post","status-publish","format-standard","has-post-thumbnail","hentry","category-4t"],"post_mailing_queue_ids":[],"_links":{"self":[{"href":"https:\/\/agora.xtec.cat\/esc-teresabergada\/wp-json\/wp\/v2\/posts\/2729","targetHints":{"allow":["GET"]}}],"collection":[{"href":"https:\/\/agora.xtec.cat\/esc-teresabergada\/wp-json\/wp\/v2\/posts"}],"about":[{"href":"https:\/\/agora.xtec.cat\/esc-teresabergada\/wp-json\/wp\/v2\/types\/post"}],"author":[{"embeddable":true,"href":"https:\/\/agora.xtec.cat\/esc-teresabergada\/wp-json\/wp\/v2\/users\/28"}],"replies":[{"embeddable":true,"href":"https:\/\/agora.xtec.cat\/esc-teresabergada\/wp-json\/wp\/v2\/comments?post=2729"}],"version-history":[{"count":2,"href":"https:\/\/agora.xtec.cat\/esc-teresabergada\/wp-json\/wp\/v2\/posts\/2729\/revisions"}],"predecessor-version":[{"id":7533,"href":"https:\/\/agora.xtec.cat\/esc-teresabergada\/wp-json\/wp\/v2\/posts\/2729\/revisions\/7533"}],"wp:featuredmedia":[{"embeddable":true,"href":"https:\/\/agora.xtec.cat\/esc-teresabergada\/wp-json\/wp\/v2\/media\/2734"}],"wp:attachment":[{"href":"https:\/\/agora.xtec.cat\/esc-teresabergada\/wp-json\/wp\/v2\/media?parent=2729"}],"wp:term":[{"taxonomy":"category","embeddable":true,"href":"https:\/\/agora.xtec.cat\/esc-teresabergada\/wp-json\/wp\/v2\/categories?post=2729"},{"taxonomy":"post_tag","embeddable":true,"href":"https:\/\/agora.xtec.cat\/esc-teresabergada\/wp-json\/wp\/v2\/tags?post=2729"}],"curies":[{"name":"wp","href":"https:\/\/api.w.org\/{rel}","templated":true}]}}