{"id":2695,"date":"2018-03-22T14:12:03","date_gmt":"2018-03-22T13:12:03","guid":{"rendered":"http:\/\/agora.xtec.cat\/esc-teresabergada\/?p=2695"},"modified":"2018-03-23T07:44:13","modified_gmt":"2018-03-23T06:44:13","slug":"dia-de-larbre","status":"publish","type":"post","link":"https:\/\/agora.xtec.cat\/esc-teresabergada\/portada\/dia-de-larbre\/","title":{"rendered":"DIA DE L&#8217;ARBRE"},"content":{"rendered":"<p>Un any m\u00e9s, al\u00a0Teresa Bergad\u00e0, celebrem el DIA DE L&#8217;ARBRE, tot plantant alzines en un dels indrets propers a l&#8217;escola.<\/p>\n<p>Una data senyalada com aquesta ens serveix per recordar\u00a0i ser m\u00e9s conscients de la import\u00e0ncia de les superf\u00edcies arbrades; doncs gr\u00e0cies a elles tenim aire per respirar i, al mateix temps, purifiquen l&#8217;aire de l&#8217;atmosfera.<\/p>\n<p>Si voleu fer un cop d&#8217;ull al recull fotogr\u00e0fic, nom\u00e9s heu de fer clic a la imatge.<\/p>\n<p>&nbsp;<\/p>\n<p><a href=\"https:\/\/photos.app.goo.gl\/2eSG3Bda3eO4bVj92\" target=\"_blank\" rel=\"noopener noreferrer\"><img loading=\"lazy\" decoding=\"async\" class=\"aligncenter wp-image-2721 size-full\" src=\"http:\/\/agora.xtec.cat\/esc-teresabergada\/wp-content\/uploads\/usu1533\/2018\/03\/DIA-ARBRE-2017-2.jpg\" alt=\"\" width=\"458\" height=\"188\" srcset=\"https:\/\/agora.xtec.cat\/esc-teresabergada\/wp-content\/uploads\/usu1533\/2018\/03\/DIA-ARBRE-2017-2.jpg 458w, https:\/\/agora.xtec.cat\/esc-teresabergada\/wp-content\/uploads\/usu1533\/2018\/03\/DIA-ARBRE-2017-2-300x123.jpg 300w\" sizes=\"auto, (max-width: 458px) 100vw, 458px\" \/><\/a><\/p>\n","protected":false},"excerpt":{"rendered":"<p>Un any m\u00e9s, al\u00a0Teresa Bergad\u00e0, celebrem el DIA DE L&#8217;ARBRE, tot plantant alzines en un dels indrets propers a l&#8217;escola.<br \/>\nUna data senyalada com aquesta ens serveix per recordar\u00a0i ser m\u00e9s conscients de la import\u00e0ncia de les superf\u00edcies arbrades; doncs gr\u00e0cies a elles tenim aire per&hellip;  <a href=\"https:\/\/agora.xtec.cat\/esc-teresabergada\/portada\/dia-de-larbre\/\" title=\"Read DIA DE L&#8217;ARBRE\">Llegeix m\u00e9s\u00bb<\/a><\/p>\n","protected":false},"author":1,"featured_media":2721,"comment_status":"open","ping_status":"closed","sticky":false,"template":"","format":"standard","meta":{"_bbp_topic_count":0,"_bbp_reply_count":0,"_bbp_total_topic_count":0,"_bbp_total_reply_count":0,"_bbp_voice_count":0,"_bbp_anonymous_reply_count":0,"_bbp_topic_count_hidden":0,"_bbp_reply_count_hidden":0,"_bbp_forum_subforum_count":0,"footnotes":""},"categories":[4],"tags":[304,172],"class_list":["post-2695","post","type-post","status-publish","format-standard","has-post-thumbnail","hentry","category-portada","tag-dia-de-larbre","tag-medi"],"post_mailing_queue_ids":[],"_links":{"self":[{"href":"https:\/\/agora.xtec.cat\/esc-teresabergada\/wp-json\/wp\/v2\/posts\/2695","targetHints":{"allow":["GET"]}}],"collection":[{"href":"https:\/\/agora.xtec.cat\/esc-teresabergada\/wp-json\/wp\/v2\/posts"}],"about":[{"href":"https:\/\/agora.xtec.cat\/esc-teresabergada\/wp-json\/wp\/v2\/types\/post"}],"author":[{"embeddable":true,"href":"https:\/\/agora.xtec.cat\/esc-teresabergada\/wp-json\/wp\/v2\/users\/1"}],"replies":[{"embeddable":true,"href":"https:\/\/agora.xtec.cat\/esc-teresabergada\/wp-json\/wp\/v2\/comments?post=2695"}],"version-history":[{"count":2,"href":"https:\/\/agora.xtec.cat\/esc-teresabergada\/wp-json\/wp\/v2\/posts\/2695\/revisions"}],"predecessor-version":[{"id":2722,"href":"https:\/\/agora.xtec.cat\/esc-teresabergada\/wp-json\/wp\/v2\/posts\/2695\/revisions\/2722"}],"wp:featuredmedia":[{"embeddable":true,"href":"https:\/\/agora.xtec.cat\/esc-teresabergada\/wp-json\/wp\/v2\/media\/2721"}],"wp:attachment":[{"href":"https:\/\/agora.xtec.cat\/esc-teresabergada\/wp-json\/wp\/v2\/media?parent=2695"}],"wp:term":[{"taxonomy":"category","embeddable":true,"href":"https:\/\/agora.xtec.cat\/esc-teresabergada\/wp-json\/wp\/v2\/categories?post=2695"},{"taxonomy":"post_tag","embeddable":true,"href":"https:\/\/agora.xtec.cat\/esc-teresabergada\/wp-json\/wp\/v2\/tags?post=2695"}],"curies":[{"name":"wp","href":"https:\/\/api.w.org\/{rel}","templated":true}]}}