{"id":2653,"date":"2018-03-06T15:17:44","date_gmt":"2018-03-06T14:17:44","guid":{"rendered":"http:\/\/agora.xtec.cat\/esc-teresabergada\/?p=2653"},"modified":"2020-09-08T06:28:40","modified_gmt":"2020-09-08T04:28:40","slug":"visita-a-la-panera-instal-lacio-dart-noa-nao","status":"publish","type":"post","link":"https:\/\/agora.xtec.cat\/esc-teresabergada\/infantil\/visita-a-la-panera-instal-lacio-dart-noa-nao\/","title":{"rendered":"Visita a la Panera. Instal.laci\u00f3 d\u00b4art Noa-Nao."},"content":{"rendered":"<p>Avui hem anat a visitar la instal.laci\u00f3 de la Panera de Noa-Nao d\u00b4en Pau Llop.<\/p>\n<p>L&#8217;exposici\u00f3 \u00e9s una instal\u00b7laci\u00f3 interactiva per a infants de 0 a 6 anys i vinculada al projecte\u00a0<i>Encaixa&#8217;t<\/i>, en qu\u00e8 la teoria del color de\u00a0<b>Kandisnsk<\/b>i i la geometria de les lletres defineixen l&#8217;experi\u00e8ncia i l&#8217;aprenentatge de la tipografia. L&#8217;objectiu \u00e9s apropar el visitant al m\u00f3n de la tipografia a trav\u00e9s de formes i de colors.La instal\u00b7laci\u00f3 representa una aproximaci\u00f3, per a petits i grans, a totes dues teories; una porta oberta a l&#8217;experimentaci\u00f3 i la reflexi\u00f3 crom\u00e0tica i formal; un exercici sense l\u00edmits ni estructures preestablertes; un joc per a la fam\u00edlia enmig de teories de l&#8217;art.<\/p>\n<p>Ens ho hem passat genial, descobrint les lletres que s\u00b4amaguen darrera les formes geom\u00e8triques b\u00e0siques. &gt;i ens han convidat a anar-hi amb les fam\u00edlies. Animeu-vos!!!<\/p>\n<p>Si cliqueu a la imatge veureu un recull fotogr\u00e0fic de P3 de la visita.<\/p>\n<p><a href=\"https:\/\/photos.app.goo.gl\/k7kCZeBlR9OxNwW53\"><img loading=\"lazy\" decoding=\"async\" class=\"alignnone wp-image-2654\" src=\"http:\/\/agora.xtec.cat\/esc-teresabergada\/wp-content\/uploads\/usu1533\/2018\/03\/20180306_112855-1024x768.jpg\" alt=\"\" width=\"423\" height=\"317\" \/><\/a><\/p>\n<p>Si cliqueu a la imatge veureu un recull fotogr\u00e0fic de P4 de la visita.<\/p>\n<p><a href=\"https:\/\/photos.app.goo.gl\/65oZqp2AGRCs9YoH3\"><img loading=\"lazy\" decoding=\"async\" class=\"\" src=\"http:\/\/www.paeria.es\/arxius\/noticies\/ImatgeHD_cat_37711.jpg\" alt=\"Resultat d'imatges de NAO NOA la panera\" width=\"405\" height=\"304\" \/><\/a><\/p>\n<p>Si cliqueu a la imatge veureu un recull fotogr\u00e0fic de P5 de la visita.<\/p>\n<p><a href=\"https:\/\/photos.app.goo.gl\/jOt7JXmc0dZwQ4252\"><img loading=\"lazy\" decoding=\"async\" class=\"\" src=\"https:\/\/pbs.twimg.com\/media\/DXEOliPX4AEdNJj.jpg\" alt=\"Resultat d'imatges de NAO NOA la panera\" width=\"400\" height=\"225\" \/><\/a><\/p>\n","protected":false},"excerpt":{"rendered":"<p>Avui hem anat a visitar la instal.laci\u00f3 de la Panera de Noa-Nao d\u00b4en Pau Llop.<br \/>\nL&#8217;exposici\u00f3 \u00e9s una instal\u00b7laci\u00f3 interactiva per a infants de 0 a 6 anys i vinculada al projecte\u00a0Encaixa&#8217;t, en qu\u00e8 la teoria del color de\u00a0Kandisnski i la geometria de les lletres defineixen&hellip;  <a href=\"https:\/\/agora.xtec.cat\/esc-teresabergada\/infantil\/visita-a-la-panera-instal-lacio-dart-noa-nao\/\" title=\"Read Visita a la Panera. Instal.laci\u00f3 d\u00b4art Noa-Nao.\">Llegeix m\u00e9s\u00bb<\/a><\/p>\n","protected":false},"author":1,"featured_media":0,"comment_status":"open","ping_status":"closed","sticky":false,"template":"","format":"standard","meta":{"_bbp_topic_count":0,"_bbp_reply_count":0,"_bbp_total_topic_count":0,"_bbp_total_reply_count":0,"_bbp_voice_count":0,"_bbp_anonymous_reply_count":0,"_bbp_topic_count_hidden":0,"_bbp_reply_count_hidden":0,"_bbp_forum_subforum_count":0,"footnotes":""},"categories":[348,153,2],"tags":[],"class_list":["post-2653","post","type-post","status-publish","format-standard","hentry","category-1r","category-2n","category-infantil"],"post_mailing_queue_ids":[],"_links":{"self":[{"href":"https:\/\/agora.xtec.cat\/esc-teresabergada\/wp-json\/wp\/v2\/posts\/2653","targetHints":{"allow":["GET"]}}],"collection":[{"href":"https:\/\/agora.xtec.cat\/esc-teresabergada\/wp-json\/wp\/v2\/posts"}],"about":[{"href":"https:\/\/agora.xtec.cat\/esc-teresabergada\/wp-json\/wp\/v2\/types\/post"}],"author":[{"embeddable":true,"href":"https:\/\/agora.xtec.cat\/esc-teresabergada\/wp-json\/wp\/v2\/users\/1"}],"replies":[{"embeddable":true,"href":"https:\/\/agora.xtec.cat\/esc-teresabergada\/wp-json\/wp\/v2\/comments?post=2653"}],"version-history":[{"count":3,"href":"https:\/\/agora.xtec.cat\/esc-teresabergada\/wp-json\/wp\/v2\/posts\/2653\/revisions"}],"predecessor-version":[{"id":2660,"href":"https:\/\/agora.xtec.cat\/esc-teresabergada\/wp-json\/wp\/v2\/posts\/2653\/revisions\/2660"}],"wp:attachment":[{"href":"https:\/\/agora.xtec.cat\/esc-teresabergada\/wp-json\/wp\/v2\/media?parent=2653"}],"wp:term":[{"taxonomy":"category","embeddable":true,"href":"https:\/\/agora.xtec.cat\/esc-teresabergada\/wp-json\/wp\/v2\/categories?post=2653"},{"taxonomy":"post_tag","embeddable":true,"href":"https:\/\/agora.xtec.cat\/esc-teresabergada\/wp-json\/wp\/v2\/tags?post=2653"}],"curies":[{"name":"wp","href":"https:\/\/api.w.org\/{rel}","templated":true}]}}