{"id":2646,"date":"2018-03-03T20:40:20","date_gmt":"2018-03-03T19:40:20","guid":{"rendered":"http:\/\/agora.xtec.cat\/esc-teresabergada\/?p=2646"},"modified":"2019-09-27T14:01:03","modified_gmt":"2019-09-27T12:01:03","slug":"uns-racons-diferents","status":"publish","type":"post","link":"https:\/\/agora.xtec.cat\/esc-teresabergada\/blocs-de-primaria\/3r\/uns-racons-diferents\/","title":{"rendered":"UNS RACONS DIFERENTS!!"},"content":{"rendered":"<p>Aprofitant els nous materials, els infants de P5:<\/p>\n<p>Constru\u00efm, comptem, sumem, fem hip\u00f2tesis, comprovem, compartim, dialoguem, classifiquem, imaginem, creem, aprenem,&#8230;i ens ho passem b\u00e9!!<\/p>\n<p>Cliqueu sobre la imatge i podreu veure un petit recull fotogr\u00e0fic de la sessi\u00f3.<\/p>\n<p><a href=\"http:\/\/www.kizoa.es\/Editar-Videos-Movie-Maker\/d176127910k4486768o1l1\/racons-matem\u00e0tics\"><img loading=\"lazy\" decoding=\"async\" class=\"alignnone\" src=\"https:\/\/i2.wp.com\/www.unamamanovata.com\/wp-content\/uploads\/2017\/05\/arcoiris-waldorf-01-una-mama-novata.png?resize=650%2C456&amp;ssl=1\" alt=\"Resultat d'imatges de arco iris waldorf\" width=\"220\" height=\"154\" \/><\/a><\/p>\n","protected":false},"excerpt":{"rendered":"<p>Aprofitant els nous materials, els infants de P5:<br \/>\nConstru\u00efm, comptem, sumem, fem hip\u00f2tesis, comprovem, compartim, dialoguem, classifiquem, imaginem, creem, aprenem,&#8230;i ens ho passem b\u00e9!!<br \/>\nCliqueu sobre la imatge i podreu veure un petit recull fotogr\u00e0fic de la sessi\u00f3.<br \/>\n<a href=\"http:\/\/www.kizoa.es\/Editar-Videos-Movie-Maker\/d176127910k4486768o1l1\/racons-matem\u00e0tics\"><\/a><\/p>\n","protected":false},"author":7,"featured_media":0,"comment_status":"open","ping_status":"closed","sticky":false,"template":"","format":"standard","meta":{"_bbp_topic_count":0,"_bbp_reply_count":0,"_bbp_total_topic_count":0,"_bbp_total_reply_count":0,"_bbp_voice_count":0,"_bbp_anonymous_reply_count":0,"_bbp_topic_count_hidden":0,"_bbp_reply_count_hidden":0,"_bbp_forum_subforum_count":0,"footnotes":""},"categories":[238],"tags":[121,299,300,298],"class_list":["post-2646","post","type-post","status-publish","format-standard","hentry","category-3r","tag-educacio-infantil","tag-p5a","tag-p5b","tag-racons"],"post_mailing_queue_ids":[],"_links":{"self":[{"href":"https:\/\/agora.xtec.cat\/esc-teresabergada\/wp-json\/wp\/v2\/posts\/2646","targetHints":{"allow":["GET"]}}],"collection":[{"href":"https:\/\/agora.xtec.cat\/esc-teresabergada\/wp-json\/wp\/v2\/posts"}],"about":[{"href":"https:\/\/agora.xtec.cat\/esc-teresabergada\/wp-json\/wp\/v2\/types\/post"}],"author":[{"embeddable":true,"href":"https:\/\/agora.xtec.cat\/esc-teresabergada\/wp-json\/wp\/v2\/users\/7"}],"replies":[{"embeddable":true,"href":"https:\/\/agora.xtec.cat\/esc-teresabergada\/wp-json\/wp\/v2\/comments?post=2646"}],"version-history":[{"count":1,"href":"https:\/\/agora.xtec.cat\/esc-teresabergada\/wp-json\/wp\/v2\/posts\/2646\/revisions"}],"predecessor-version":[{"id":2647,"href":"https:\/\/agora.xtec.cat\/esc-teresabergada\/wp-json\/wp\/v2\/posts\/2646\/revisions\/2647"}],"wp:attachment":[{"href":"https:\/\/agora.xtec.cat\/esc-teresabergada\/wp-json\/wp\/v2\/media?parent=2646"}],"wp:term":[{"taxonomy":"category","embeddable":true,"href":"https:\/\/agora.xtec.cat\/esc-teresabergada\/wp-json\/wp\/v2\/categories?post=2646"},{"taxonomy":"post_tag","embeddable":true,"href":"https:\/\/agora.xtec.cat\/esc-teresabergada\/wp-json\/wp\/v2\/tags?post=2646"}],"curies":[{"name":"wp","href":"https:\/\/api.w.org\/{rel}","templated":true}]}}