{"id":2580,"date":"2018-02-25T22:22:00","date_gmt":"2018-02-25T21:22:00","guid":{"rendered":"http:\/\/agora.xtec.cat\/esc-teresabergada\/?p=2580"},"modified":"2020-09-08T06:28:59","modified_gmt":"2020-09-08T04:28:59","slug":"art-efimer","status":"publish","type":"post","link":"https:\/\/agora.xtec.cat\/esc-teresabergada\/blocs-de-primaria\/1r\/art-efimer\/","title":{"rendered":"Art ef\u00edmer."},"content":{"rendered":"<p>L \u00b4art ef\u00edmer \u00e9s\u00a0tota aquella expressi\u00f3 art\u00edstica concebuda com a fuga\u00e7 en el temps. No queda cap\u00a0creaci\u00f3 art\u00edstica material i conservable; \u00e9s de car\u00e0cter\u00a0 transitori.<\/p>\n<p>D\u00b4aquesta manera, els infants poden gaudir dels proc\u00e9s creatiu sense encapficar-se amb el resultat.<\/p>\n<p>Des d\u00b4aqu\u00ed donem les gr\u00e0cies al pare de la Sofia per haver-nos proporcionat la sorra per a fer-ho possible !<\/p>\n<p>Si cliqueu a la imatge podreu veure un petit recull fotogr\u00e0fic de la sessi\u00f3!<\/p>\n<p><a href=\"https:\/\/photos.app.goo.gl\/n1xOplQkW67bWoVC3\"><img loading=\"lazy\" decoding=\"async\" class=\"alignnone size-full wp-image-2582\" src=\"http:\/\/agora.xtec.cat\/esc-teresabergada\/wp-content\/uploads\/usu1533\/2018\/02\/moments-per-fer.jpg\" alt=\"\" width=\"945\" height=\"756\" srcset=\"https:\/\/agora.xtec.cat\/esc-teresabergada\/wp-content\/uploads\/usu1533\/2018\/02\/moments-per-fer.jpg 945w, https:\/\/agora.xtec.cat\/esc-teresabergada\/wp-content\/uploads\/usu1533\/2018\/02\/moments-per-fer-300x240.jpg 300w, https:\/\/agora.xtec.cat\/esc-teresabergada\/wp-content\/uploads\/usu1533\/2018\/02\/moments-per-fer-768x614.jpg 768w\" sizes=\"auto, (max-width: 945px) 100vw, 945px\" \/><\/a><\/p>\n","protected":false},"excerpt":{"rendered":"<p>L \u00b4art ef\u00edmer \u00e9s\u00a0tota aquella expressi\u00f3 art\u00edstica concebuda com a fuga\u00e7 en el temps. No queda cap\u00a0creaci\u00f3 art\u00edstica material i conservable; \u00e9s de car\u00e0cter\u00a0 transitori.<br \/>\nD\u00b4aquesta manera, els infants poden gaudir dels proc\u00e9s creatiu sense encapficar-se amb el resultat.<br \/>\nDes d\u00b4aqu\u00ed donem les gr\u00e0cies al pare de&hellip;  <a href=\"https:\/\/agora.xtec.cat\/esc-teresabergada\/blocs-de-primaria\/1r\/art-efimer\/\" title=\"Read Art ef\u00edmer.\">Llegeix m\u00e9s\u00bb<\/a><\/p>\n","protected":false},"author":1,"featured_media":2582,"comment_status":"open","ping_status":"closed","sticky":false,"template":"","format":"standard","meta":{"_bbp_topic_count":0,"_bbp_reply_count":0,"_bbp_total_topic_count":0,"_bbp_total_reply_count":0,"_bbp_voice_count":0,"_bbp_anonymous_reply_count":0,"_bbp_topic_count_hidden":0,"_bbp_reply_count_hidden":0,"_bbp_forum_subforum_count":0,"footnotes":""},"categories":[348],"tags":[121],"class_list":["post-2580","post","type-post","status-publish","format-standard","has-post-thumbnail","hentry","category-1r","tag-educacio-infantil"],"post_mailing_queue_ids":[],"_links":{"self":[{"href":"https:\/\/agora.xtec.cat\/esc-teresabergada\/wp-json\/wp\/v2\/posts\/2580","targetHints":{"allow":["GET"]}}],"collection":[{"href":"https:\/\/agora.xtec.cat\/esc-teresabergada\/wp-json\/wp\/v2\/posts"}],"about":[{"href":"https:\/\/agora.xtec.cat\/esc-teresabergada\/wp-json\/wp\/v2\/types\/post"}],"author":[{"embeddable":true,"href":"https:\/\/agora.xtec.cat\/esc-teresabergada\/wp-json\/wp\/v2\/users\/1"}],"replies":[{"embeddable":true,"href":"https:\/\/agora.xtec.cat\/esc-teresabergada\/wp-json\/wp\/v2\/comments?post=2580"}],"version-history":[{"count":2,"href":"https:\/\/agora.xtec.cat\/esc-teresabergada\/wp-json\/wp\/v2\/posts\/2580\/revisions"}],"predecessor-version":[{"id":2584,"href":"https:\/\/agora.xtec.cat\/esc-teresabergada\/wp-json\/wp\/v2\/posts\/2580\/revisions\/2584"}],"wp:featuredmedia":[{"embeddable":true,"href":"https:\/\/agora.xtec.cat\/esc-teresabergada\/wp-json\/wp\/v2\/media\/2582"}],"wp:attachment":[{"href":"https:\/\/agora.xtec.cat\/esc-teresabergada\/wp-json\/wp\/v2\/media?parent=2580"}],"wp:term":[{"taxonomy":"category","embeddable":true,"href":"https:\/\/agora.xtec.cat\/esc-teresabergada\/wp-json\/wp\/v2\/categories?post=2580"},{"taxonomy":"post_tag","embeddable":true,"href":"https:\/\/agora.xtec.cat\/esc-teresabergada\/wp-json\/wp\/v2\/tags?post=2580"}],"curies":[{"name":"wp","href":"https:\/\/api.w.org\/{rel}","templated":true}]}}