{"id":2577,"date":"2018-02-24T23:05:50","date_gmt":"2018-02-24T22:05:50","guid":{"rendered":"http:\/\/agora.xtec.cat\/esc-teresabergada\/?p=2577"},"modified":"2020-09-08T06:24:58","modified_gmt":"2020-09-08T04:24:58","slug":"projecte-capses-de-la-vida-ens-visita-una-experta","status":"publish","type":"post","link":"https:\/\/agora.xtec.cat\/esc-teresabergada\/blocs-de-primaria\/1r\/projecte-capses-de-la-vida-ens-visita-una-experta\/","title":{"rendered":"Projecte: Capses de la vida. Ens visita una experta."},"content":{"rendered":"<p>Immersos en el projecte de les capses de la vida. Intentant vesvetllar la m\u00e0gia de la vida, la gestaci\u00f3, el creixement &#8230; hem tingut la sort d\u00b4aprendre d\u00b4una experta: la llevadora.<\/p>\n<p>De la m\u00e0 de la mare de l\u00b4Aina, que \u00e9s infermera, la Rosa la llevadora, acompanyada per la Maria Jes\u00fas, ens ha vingut a explicar com s\u00b4engendra la vida al ventre matern: la hist\u00f2ria d\u00b4amor i la llavoreta del pare que troba a l\u00b4\u00f2vul de la mare a l\u00b4\u00fater&#8230; i com va creixent, a trav\u00e9s d\u00b4una projecci\u00f3 audiovisual.<\/p>\n<p>Ens ha portat tamb\u00e9, dos \u00e0lbums il.lustrats s\u00faper interessants. En un comparava el creixement de l\u00b4embri\u00f3 o fetus amb amb diverses fruites. molt al principi s\u00b4assembla a una cirera i va augmentant el tamany&#8230; fins al naixement.<\/p>\n<p>Tamb\u00e9 els ha explicat que la gestaci\u00f3 dura 9 mesos, com un curs escolar.<\/p>\n<p>Com s\u00b4alimenta i respira l\u00b4embri\u00f3: pel cord\u00f3 umbilical.<\/p>\n<p>Curiositats de la gestaci\u00f3: que l\u00b4embri\u00f3 fa pip\u00ed a la placenta i despr\u00e9s se\u00b4l torna a empassar per tornar a fer pip\u00ed&#8230;<\/p>\n<p>Ahh, i ens ha fet imaginar que l\u00b4embri\u00f3 est\u00e0 dins d\u00b4un globus ple d\u00b4aigua i que quan est\u00e0 preparat es va girant i posa el cap en direcci\u00f3 a la vulva. Aleshores explota l\u00b4aigua i neix el beb\u00e8. Que pot trigar moltes hores, fins i tot un dia. I que hi ha beb\u00e8s que neixen per la vulva i altres per la panxa.<\/p>\n<p>Finalment, hem pogut comprovar com se sent el nostre cos a trav\u00e9s del s\u00f2nic i l\u00b4estetoscopi.<\/p>\n<p>Ha estat tota una EXPERI\u00c8NCIA que ens ha ajudat a clarificar dubtes i a aprendre molt m\u00e9s del tema.<\/p>\n<p>Des d\u00b4aqu\u00ed volem donar-los les gr\u00e0cies i molt especialment a la Rosa!<\/p>\n<p>Si cliqueu a la\u00a0imatge podreu veure un recull fotogr\u00e0fic de la visita!<\/p>\n<p><a href=\"https:\/\/photos.app.goo.gl\/HZoGvVmdVS3Ccl5l2\"><img loading=\"lazy\" decoding=\"async\" class=\"alignnone size-large wp-image-2578\" src=\"http:\/\/agora.xtec.cat\/esc-teresabergada\/wp-content\/uploads\/usu1533\/2018\/02\/20180223_101901-1024x768.jpg\" alt=\"\" width=\"1024\" height=\"768\" \/><\/a><\/p>\n<p>&nbsp;<\/p>\n<p>&nbsp;<\/p>\n","protected":false},"excerpt":{"rendered":"<p>Immersos en el projecte de les capses de la vida. Intentant vesvetllar la m\u00e0gia de la vida, la gestaci\u00f3, el creixement &#8230; hem tingut la sort d\u00b4aprendre d\u00b4una experta: la llevadora.<br \/>\nDe la m\u00e0 de la mare de l\u00b4Aina, que \u00e9s infermera, la Rosa la llevadora,&hellip;  <a href=\"https:\/\/agora.xtec.cat\/esc-teresabergada\/blocs-de-primaria\/1r\/projecte-capses-de-la-vida-ens-visita-una-experta\/\" title=\"Read Projecte: Capses de la vida. Ens visita una experta.\">Llegeix m\u00e9s\u00bb<\/a><\/p>\n","protected":false},"author":1,"featured_media":0,"comment_status":"open","ping_status":"closed","sticky":false,"template":"","format":"standard","meta":{"_bbp_topic_count":0,"_bbp_reply_count":0,"_bbp_total_topic_count":0,"_bbp_total_reply_count":0,"_bbp_voice_count":0,"_bbp_anonymous_reply_count":0,"_bbp_topic_count_hidden":0,"_bbp_reply_count_hidden":0,"_bbp_forum_subforum_count":0,"footnotes":""},"categories":[348],"tags":[121],"class_list":["post-2577","post","type-post","status-publish","format-standard","hentry","category-1r","tag-educacio-infantil"],"post_mailing_queue_ids":[],"_links":{"self":[{"href":"https:\/\/agora.xtec.cat\/esc-teresabergada\/wp-json\/wp\/v2\/posts\/2577","targetHints":{"allow":["GET"]}}],"collection":[{"href":"https:\/\/agora.xtec.cat\/esc-teresabergada\/wp-json\/wp\/v2\/posts"}],"about":[{"href":"https:\/\/agora.xtec.cat\/esc-teresabergada\/wp-json\/wp\/v2\/types\/post"}],"author":[{"embeddable":true,"href":"https:\/\/agora.xtec.cat\/esc-teresabergada\/wp-json\/wp\/v2\/users\/1"}],"replies":[{"embeddable":true,"href":"https:\/\/agora.xtec.cat\/esc-teresabergada\/wp-json\/wp\/v2\/comments?post=2577"}],"version-history":[{"count":1,"href":"https:\/\/agora.xtec.cat\/esc-teresabergada\/wp-json\/wp\/v2\/posts\/2577\/revisions"}],"predecessor-version":[{"id":2579,"href":"https:\/\/agora.xtec.cat\/esc-teresabergada\/wp-json\/wp\/v2\/posts\/2577\/revisions\/2579"}],"wp:attachment":[{"href":"https:\/\/agora.xtec.cat\/esc-teresabergada\/wp-json\/wp\/v2\/media?parent=2577"}],"wp:term":[{"taxonomy":"category","embeddable":true,"href":"https:\/\/agora.xtec.cat\/esc-teresabergada\/wp-json\/wp\/v2\/categories?post=2577"},{"taxonomy":"post_tag","embeddable":true,"href":"https:\/\/agora.xtec.cat\/esc-teresabergada\/wp-json\/wp\/v2\/tags?post=2577"}],"curies":[{"name":"wp","href":"https:\/\/api.w.org\/{rel}","templated":true}]}}