{"id":2573,"date":"2018-02-23T23:00:27","date_gmt":"2018-02-23T22:00:27","guid":{"rendered":"http:\/\/agora.xtec.cat\/esc-teresabergada\/?p=2573"},"modified":"2019-09-27T18:16:17","modified_gmt":"2019-09-27T16:16:17","slug":"presentacio-del-projecte-la-familia","status":"publish","type":"post","link":"https:\/\/agora.xtec.cat\/esc-teresabergada\/general\/presentacio-del-projecte-la-familia\/","title":{"rendered":"Presentaci\u00f3 del projecte LA FAM\u00cdLIA"},"content":{"rendered":"<p>Com b\u00e9 sabeu el producte final del primer projecte del curs ha estat una presentaci\u00f3 de tot el que s&#8217;ha treballat durant aquests mesos.<\/p>\n<p>Primerament l&#8217;exposici\u00f3 la vam presentar a les fam\u00edlies i posteriorment la vam fer extensiva als nostres padrins de lectura, en el cas dels grups de 1r, i entre grups, en el cas de 2n.<\/p>\n<p><a href=\"https:\/\/www.youtube.com\/watch?v=3k-kgKg5zB8&amp;feature=youtu.be\">1rA<\/a><\/p>\n<p><a href=\"https:\/\/www.youtube.com\/watch?v=M_sXOg7GMCg&amp;feature=youtu.be\">1rB<\/a><\/p>\n<p><a href=\"https:\/\/www.youtube.com\/watch?v=78uSxzsDF4k&amp;feature=youtu.be\">2nA<\/a><\/p>\n<p><a href=\"https:\/\/www.youtube.com\/watch?v=n3K4p72xFns&amp;feature=youtu.be\">2nB<\/a><\/p>\n<p>&nbsp;<\/p>\n<p>I per acabar, tamb\u00e9 us volem fer un altre petit detall. Els v\u00eddeos de l&#8217;activitat de xoc de l&#8217;inici del projecte.<\/p>\n<p><a href=\"https:\/\/www.youtube.com\/watch?v=dsNkNDAoufY&amp;feature=youtu.be\">1r<\/a><\/p>\n<p><a href=\"https:\/\/drive.google.com\/file\/d\/1C7lLtrvuNQeIHMYNLnyshYAZ3tXlH1M5\/view?usp=sharing\" target=\"_blank\" rel=\"noopener noreferrer\">2n<\/a><\/p>\n","protected":false},"excerpt":{"rendered":"<p>Com b\u00e9 sabeu el producte final del primer projecte del curs ha estat una presentaci\u00f3 de tot el que s&#8217;ha treballat durant aquests mesos.<br \/>\nPrimerament l&#8217;exposici\u00f3 la vam presentar a les fam\u00edlies i posteriorment la vam fer extensiva als nostres padrins de lectura, en el cas&hellip;  <a href=\"https:\/\/agora.xtec.cat\/esc-teresabergada\/general\/presentacio-del-projecte-la-familia\/\" title=\"Read Presentaci\u00f3 del projecte LA FAM\u00cdLIA\">Llegeix m\u00e9s\u00bb<\/a><\/p>\n","protected":false},"author":1,"featured_media":2575,"comment_status":"open","ping_status":"closed","sticky":false,"template":"","format":"standard","meta":{"_bbp_topic_count":0,"_bbp_reply_count":0,"_bbp_total_topic_count":0,"_bbp_total_reply_count":0,"_bbp_voice_count":0,"_bbp_anonymous_reply_count":0,"_bbp_topic_count_hidden":0,"_bbp_reply_count_hidden":0,"_bbp_forum_subforum_count":0,"footnotes":""},"categories":[250,349,1],"tags":[287,70],"class_list":["post-2573","post","type-post","status-publish","format-standard","has-post-thumbnail","hentry","category-4t","category-5e","category-general","tag-la-familia","tag-projecte"],"post_mailing_queue_ids":[],"_links":{"self":[{"href":"https:\/\/agora.xtec.cat\/esc-teresabergada\/wp-json\/wp\/v2\/posts\/2573","targetHints":{"allow":["GET"]}}],"collection":[{"href":"https:\/\/agora.xtec.cat\/esc-teresabergada\/wp-json\/wp\/v2\/posts"}],"about":[{"href":"https:\/\/agora.xtec.cat\/esc-teresabergada\/wp-json\/wp\/v2\/types\/post"}],"author":[{"embeddable":true,"href":"https:\/\/agora.xtec.cat\/esc-teresabergada\/wp-json\/wp\/v2\/users\/1"}],"replies":[{"embeddable":true,"href":"https:\/\/agora.xtec.cat\/esc-teresabergada\/wp-json\/wp\/v2\/comments?post=2573"}],"version-history":[{"count":3,"href":"https:\/\/agora.xtec.cat\/esc-teresabergada\/wp-json\/wp\/v2\/posts\/2573\/revisions"}],"predecessor-version":[{"id":2900,"href":"https:\/\/agora.xtec.cat\/esc-teresabergada\/wp-json\/wp\/v2\/posts\/2573\/revisions\/2900"}],"wp:featuredmedia":[{"embeddable":true,"href":"https:\/\/agora.xtec.cat\/esc-teresabergada\/wp-json\/wp\/v2\/media\/2575"}],"wp:attachment":[{"href":"https:\/\/agora.xtec.cat\/esc-teresabergada\/wp-json\/wp\/v2\/media?parent=2573"}],"wp:term":[{"taxonomy":"category","embeddable":true,"href":"https:\/\/agora.xtec.cat\/esc-teresabergada\/wp-json\/wp\/v2\/categories?post=2573"},{"taxonomy":"post_tag","embeddable":true,"href":"https:\/\/agora.xtec.cat\/esc-teresabergada\/wp-json\/wp\/v2\/tags?post=2573"}],"curies":[{"name":"wp","href":"https:\/\/api.w.org\/{rel}","templated":true}]}}