{"id":2550,"date":"2018-02-23T22:12:21","date_gmt":"2018-02-23T21:12:21","guid":{"rendered":"http:\/\/agora.xtec.cat\/esc-teresabergada\/?p=2550"},"modified":"2018-02-25T08:12:47","modified_gmt":"2018-02-25T07:12:47","slug":"taller-taula-paleta-de-colors","status":"publish","type":"post","link":"https:\/\/agora.xtec.cat\/esc-teresabergada\/general\/taller-taula-paleta-de-colors\/","title":{"rendered":"Taller Taula paleta de colors"},"content":{"rendered":"<p style=\"text-align: justify;\">L&#8217;ess\u00e8ncia de tot mestre \/ mestra \u00e9s desvetllar en l&#8217;alumnat la capacitat\u00a0d&#8217;aprendre\u00a0a partir de la descoberta d&#8217;un mateix i de la relaci\u00f3 amb els altres i, del m\u00f3n que l&#8217;envolta; per\u00f2 per iniciar aquest cam\u00ed el primer pas comen\u00e7a en l&#8217;actitud del propi docent, la qual ha de ser d&#8217;obertura al t\u00e0ndem ensenyament &#8211; aprenentatge. Dit d&#8217;una altra manera, no podem ensenyar el que no has viscut\/experimentat en primera persona.<\/p>\n<p style=\"text-align: justify;\"><a href=\"https:\/\/photos.app.goo.gl\/oebDJbTVUK0pMr6m1\" target=\"_blank\" rel=\"noopener noreferrer\"><img loading=\"lazy\" decoding=\"async\" class=\"alignleft wp-image-2568 size-thumbnail\" src=\"http:\/\/agora.xtec.cat\/esc-teresabergada\/wp-content\/uploads\/usu1533\/2018\/02\/2018-02-20-PHOTO-00003919-150x150.jpg\" alt=\"\" width=\"150\" height=\"150\" \/><\/a><\/p>\n<p style=\"text-align: justify;\">Aquesta predisposici\u00f3 \u00e9s la que hem mostrat els i les mestres en el taller que se&#8217;ns ha brindat des de l&#8217;ajuntament d&#8217;Alguaire: modelatge de pintura creativa amb la taula &#8211; paleta.<\/p>\n<p style=\"text-align: justify;\">A m\u00e9s a m\u00e9s, ens hem sorpr\u00e8s com a partir\u00a0d&#8217;un contingut de l&#8217;\u00e0mbit art\u00edstic, com \u00e9s el cercle crom\u00e0tic, hem apr\u00e8s la import\u00e0ncia de: l&#8217;organitzaci\u00f3 de l&#8217;aula i dels materials, com presentar les activitats als nostres alumnes, l&#8217;est\u00e8tica fins l&#8217;\u00faltim detall&#8230;<\/p>\n<p style=\"text-align: justify;\">Igual que fem en els articles on els protagonistes s\u00f3n els vostres fills i filles, tamb\u00e9 us voler fer arribar els moments capturats durant el taller (feu clic a la taula &#8211; paleta).<\/p>\n<p>&nbsp;<\/p>\n","protected":false},"excerpt":{"rendered":"<p>L&#8217;ess\u00e8ncia de tot mestre \/ mestra \u00e9s desvetllar en l&#8217;alumnat la capacitat\u00a0d&#8217;aprendre\u00a0a partir de la descoberta d&#8217;un mateix i de la relaci\u00f3 amb els altres i, del m\u00f3n que l&#8217;envolta; per\u00f2 per iniciar aquest cam\u00ed el primer pas comen\u00e7a en l&#8217;actitud del propi docent, la&hellip;  <a href=\"https:\/\/agora.xtec.cat\/esc-teresabergada\/general\/taller-taula-paleta-de-colors\/\" title=\"Read Taller Taula paleta de colors\">Llegeix m\u00e9s\u00bb<\/a><\/p>\n","protected":false},"author":1,"featured_media":2568,"comment_status":"open","ping_status":"closed","sticky":false,"template":"","format":"standard","meta":{"_bbp_topic_count":0,"_bbp_reply_count":0,"_bbp_total_topic_count":0,"_bbp_total_reply_count":0,"_bbp_voice_count":0,"_bbp_anonymous_reply_count":0,"_bbp_topic_count_hidden":0,"_bbp_reply_count_hidden":0,"_bbp_forum_subforum_count":0,"footnotes":""},"categories":[1,4],"tags":[160,286,17],"class_list":["post-2550","post","type-post","status-publish","format-standard","has-post-thumbnail","hentry","category-general","category-portada","tag-creativitat","tag-mestres","tag-plastica"],"post_mailing_queue_ids":[],"_links":{"self":[{"href":"https:\/\/agora.xtec.cat\/esc-teresabergada\/wp-json\/wp\/v2\/posts\/2550","targetHints":{"allow":["GET"]}}],"collection":[{"href":"https:\/\/agora.xtec.cat\/esc-teresabergada\/wp-json\/wp\/v2\/posts"}],"about":[{"href":"https:\/\/agora.xtec.cat\/esc-teresabergada\/wp-json\/wp\/v2\/types\/post"}],"author":[{"embeddable":true,"href":"https:\/\/agora.xtec.cat\/esc-teresabergada\/wp-json\/wp\/v2\/users\/1"}],"replies":[{"embeddable":true,"href":"https:\/\/agora.xtec.cat\/esc-teresabergada\/wp-json\/wp\/v2\/comments?post=2550"}],"version-history":[{"count":3,"href":"https:\/\/agora.xtec.cat\/esc-teresabergada\/wp-json\/wp\/v2\/posts\/2550\/revisions"}],"predecessor-version":[{"id":2572,"href":"https:\/\/agora.xtec.cat\/esc-teresabergada\/wp-json\/wp\/v2\/posts\/2550\/revisions\/2572"}],"wp:featuredmedia":[{"embeddable":true,"href":"https:\/\/agora.xtec.cat\/esc-teresabergada\/wp-json\/wp\/v2\/media\/2568"}],"wp:attachment":[{"href":"https:\/\/agora.xtec.cat\/esc-teresabergada\/wp-json\/wp\/v2\/media?parent=2550"}],"wp:term":[{"taxonomy":"category","embeddable":true,"href":"https:\/\/agora.xtec.cat\/esc-teresabergada\/wp-json\/wp\/v2\/categories?post=2550"},{"taxonomy":"post_tag","embeddable":true,"href":"https:\/\/agora.xtec.cat\/esc-teresabergada\/wp-json\/wp\/v2\/tags?post=2550"}],"curies":[{"name":"wp","href":"https:\/\/api.w.org\/{rel}","templated":true}]}}