{"id":2543,"date":"2018-02-23T07:56:16","date_gmt":"2018-02-23T06:56:16","guid":{"rendered":"http:\/\/agora.xtec.cat\/esc-teresabergada\/?p=2543"},"modified":"2019-09-27T18:16:22","modified_gmt":"2019-09-27T16:16:22","slug":"sortida-a-lanimac-i-al-parc-de-la-mitjana","status":"publish","type":"post","link":"https:\/\/agora.xtec.cat\/esc-teresabergada\/blocs-de-primaria\/4t\/sortida-a-lanimac-i-al-parc-de-la-mitjana\/","title":{"rendered":"Sortida a l&#8217;ANIMAC i al Parc de La Mitjana"},"content":{"rendered":"<p style=\"text-align: justify;\">Pel mat\u00ed vam gaudir d&#8217;all\u00f2 m\u00e9s amb la visualitzaci\u00f3 dels 8\u00a0curtmetratges d&#8217;animaci\u00f3\u00a0que ofereix la <a href=\"http:\/\/www.animac.cat\/mostra\">Mostra Internacional de Cinema d&#8217;Animaci\u00f3 de Catalunya<\/a> al Teatre de La Llotja.<\/p>\n<p style=\"text-align: justify;\"><img loading=\"lazy\" decoding=\"async\" class=\"wp-image-2546 size-thumbnail alignleft\" src=\"http:\/\/agora.xtec.cat\/esc-teresabergada\/wp-content\/uploads\/usu1533\/2018\/02\/animac-150x150.jpg\" alt=\"\" width=\"150\" height=\"150\" \/><\/p>\n<p style=\"text-align: justify;\">El fet de poder veure vuit estils diferents de com fer cinema, ens ha despertat la curiositat per saber una mica m\u00e9s d&#8217;aquest m\u00f3n tan m\u00e0gic! \u00c9s per aquest motiu que en algunes sessions d&#8217;art les dedicarem a fer un primer tempteig a com crear\u00a0una\u00a0pel\u00b7l\u00edcula.<\/p>\n<p style=\"text-align: justify;\">A l&#8217;hora de dinar\u00a0vam canviar d&#8217;escenari: vam deixar endarrere la ciutat per endinsar-nos al Parc de La Mitjana. \u00a0El motiu de la visita al parc era despertar, en tots sentits, l&#8217;inter\u00e8s cap a la naturalesa que ens envolta, especialment el m\u00f3n de les plantes.<\/p>\n<p style=\"text-align: justify;\"><img loading=\"lazy\" decoding=\"async\" class=\"alignleft wp-image-2547 size-thumbnail\" src=\"http:\/\/agora.xtec.cat\/esc-teresabergada\/wp-content\/uploads\/usu1533\/2018\/02\/parcdelamitjana4-150x150.jpg\" alt=\"\" width=\"150\" height=\"150\" \/>Despr\u00e9s de dinar i jugar una bona estona al parc infantil, comen\u00e7ava l&#8217;activitat xoc! Vam distribuir els alumnes en 4 grups, cadascun d&#8217;ells\u00a0integrart per\u00a0alumnes dels quatre grups &#8211; classe, i es van realitzar diferents activitats (la b\u00fasqueda d&#8217;arbres i arbusts caracter\u00edstics del parc, dibuix de l&#8217;entorn que ens envolta, escolta dels sons que es produeixen al nostre voltant i recollida de fulles de terra)\u00a0<span style=\"font-family: inherit; font-size: 1em;\">per introduir el nou projecte del curs: les plantes.\u00a0<\/span><\/p>\n<p style=\"text-align: justify;\">En resum podem concloure que va ser un dia de descobertes i, per alguns, &#8220;la millor excursi\u00f3 de la meva vida&#8221;.<\/p>\n<p style=\"text-align: justify;\">(feu clic a l&#8217;enlla\u00e7 per poder compartir amb els vostres fills i filles de les experi\u00e8ncies viscudes durant el dia<\/p>\n<p><a href=\"https:\/\/photos.app.goo.gl\/8RQjBzUbPhEVNX3q2\">L&#8217;ANIMAC I LA MITJANA<\/a>).<\/p>\n","protected":false},"excerpt":{"rendered":"<p>Pel mat\u00ed vam gaudir d&#8217;all\u00f2 m\u00e9s amb la visualitzaci\u00f3 dels 8\u00a0curtmetratges d&#8217;animaci\u00f3\u00a0que ofereix la <a href=\"http:\/\/www.animac.cat\/mostra\">Mostra Internacional de Cinema d&#8217;Animaci\u00f3 de Catalunya<\/a> al Teatre de La Llotja.<\/p>\n<p>El fet de poder veure vuit estils diferents de com fer cinema, ens ha despertat la curiositat per saber&hellip;  <a href=\"https:\/\/agora.xtec.cat\/esc-teresabergada\/blocs-de-primaria\/4t\/sortida-a-lanimac-i-al-parc-de-la-mitjana\/\" title=\"Read Sortida a l&#8217;ANIMAC i al Parc de La Mitjana\">Llegeix m\u00e9s\u00bb<\/a><\/p>\n","protected":false},"author":1,"featured_media":0,"comment_status":"open","ping_status":"closed","sticky":false,"template":"","format":"standard","meta":{"_bbp_topic_count":0,"_bbp_reply_count":0,"_bbp_total_topic_count":0,"_bbp_total_reply_count":0,"_bbp_voice_count":0,"_bbp_anonymous_reply_count":0,"_bbp_topic_count_hidden":0,"_bbp_reply_count_hidden":0,"_bbp_forum_subforum_count":0,"footnotes":""},"categories":[250,349],"tags":[],"class_list":["post-2543","post","type-post","status-publish","format-standard","hentry","category-4t","category-5e"],"post_mailing_queue_ids":[],"_links":{"self":[{"href":"https:\/\/agora.xtec.cat\/esc-teresabergada\/wp-json\/wp\/v2\/posts\/2543","targetHints":{"allow":["GET"]}}],"collection":[{"href":"https:\/\/agora.xtec.cat\/esc-teresabergada\/wp-json\/wp\/v2\/posts"}],"about":[{"href":"https:\/\/agora.xtec.cat\/esc-teresabergada\/wp-json\/wp\/v2\/types\/post"}],"author":[{"embeddable":true,"href":"https:\/\/agora.xtec.cat\/esc-teresabergada\/wp-json\/wp\/v2\/users\/1"}],"replies":[{"embeddable":true,"href":"https:\/\/agora.xtec.cat\/esc-teresabergada\/wp-json\/wp\/v2\/comments?post=2543"}],"version-history":[{"count":3,"href":"https:\/\/agora.xtec.cat\/esc-teresabergada\/wp-json\/wp\/v2\/posts\/2543\/revisions"}],"predecessor-version":[{"id":2549,"href":"https:\/\/agora.xtec.cat\/esc-teresabergada\/wp-json\/wp\/v2\/posts\/2543\/revisions\/2549"}],"wp:attachment":[{"href":"https:\/\/agora.xtec.cat\/esc-teresabergada\/wp-json\/wp\/v2\/media?parent=2543"}],"wp:term":[{"taxonomy":"category","embeddable":true,"href":"https:\/\/agora.xtec.cat\/esc-teresabergada\/wp-json\/wp\/v2\/categories?post=2543"},{"taxonomy":"post_tag","embeddable":true,"href":"https:\/\/agora.xtec.cat\/esc-teresabergada\/wp-json\/wp\/v2\/tags?post=2543"}],"curies":[{"name":"wp","href":"https:\/\/api.w.org\/{rel}","templated":true}]}}