{"id":2492,"date":"2018-02-17T13:52:51","date_gmt":"2018-02-17T12:52:51","guid":{"rendered":"http:\/\/agora.xtec.cat\/esc-teresabergada\/?p=2492"},"modified":"2020-09-08T06:25:36","modified_gmt":"2020-09-08T04:25:36","slug":"contacontes","status":"publish","type":"post","link":"https:\/\/agora.xtec.cat\/esc-teresabergada\/blocs-de-primaria\/1r\/contacontes\/","title":{"rendered":"Contacontes"},"content":{"rendered":"<p>El Divendres a l&#8217;hora de lectura vam tenir una sorpresa molt especial, ens va visitar una conta-contes. Aix\u00ed que tots disposats vam canviar la classe per la sala de psicomotricitat amb moltes ganes d&#8217;escoltar el que ens havia preparat.<\/p>\n<p><img decoding=\"async\" class=\"aligncenter\" src=\"https:\/\/lh3.googleusercontent.com\/HzmAU5qfEWJOokk6dodEeIKHyKckMq5NJhfVli4onKQ5j3w2GI5EMi_xW4wNI000iJiefJwIhw2Vtzu7kYKVwk9M849-8YLfI-_VoHKTfKRNguiy5Ij1I7rym7U9tBEdBoOdQR56UZL0DIrmbf6p7esDYR8wBpHrvuJIRFjzmtdEJAuJfBItPxFaN9eAg9APatgR5NBIr1TjMNqFIqnNhIHR1XBZlg6I5k7Rqr63O0tZW5EhaGTZATrl4J5bZhD4DS5SI-wRqMRxfqEpUa_FXzxdQ2wjZOVb5OiOzWBm0Cm-lKx5UALyjVu5Z_VpZxgcIfQpOgI71lY3AkJOnOjFjGbWdKHaevEeysUF1eqLtakzDISDdG25rwSYxRaPi0lRESzAI8s7N9aDHRXIdmiobEgyd7tOuSVj7P2ySoC-V3fUlQffMZsBdwIm7SQiezDme1g0l3Trh3cwoXJfwWfimnxRMVNggaIyu-Mzutm1russgimEwQaYoubIvYZH_9Gp15p47X_wQbcZASxO5fBJmeSO6DLE6GK6Zay38HRxHQLp7HMjtdI2vC0-WG22HXoAd9DcaFxgnqFNoG93jZhm57MbBbl5ey7M_pYgiKk=w659-h495-no\" \/><\/p>\n<p>La Vict\u00f2ria ens tenia preparats 3 contes!<\/p>\n<p><img decoding=\"async\" class=\"aligncenter\" src=\"http:\/\/cdn-0.verkami.com\/uploaded_files\/000\/003\/726\/verkami_79110b99433568d98b08b44c29e64092.jpg?1361645511\" alt=\"Resultado de imagen de la marta i la xocolata\" \/><\/p>\n<ul>\n<li><strong>La Marta i la xocolata:<\/strong> La Marta \u00e9s una nena a qui li agrada molt i molt la xocolata. A casa seva la tenen endre\u00e7ada dalt d\u2019un armari molt alt i no arriba a agafar-la. \u00c9s per aix\u00f2 que decideix muntar un parc de xocolata al jard\u00ed de casa seva i aix\u00ed, d\u2019aquesta manera, es comen\u00e7a a imaginar com seria aquest parc i com en gaudiria, per\u00f2 la Marta tamb\u00e9 arribar\u00e0 a una conclusi\u00f3 molt sensata: si s\u2019abusa de la xocolata\u2026<\/li>\n<\/ul>\n<p><img decoding=\"async\" class=\"aligncenter\" src=\"https:\/\/lh3.googleusercontent.com\/hAMhLa9hqSFuQbL9L1HwHibPFDO4m8Rt-mcrlbi2U7ZWimZNQpoGkY787JB8GC3lHppQhmwnUsCTHmPuHbyLwBrKWkDnE_n9HV-xII7laSXZnfwcWUMHNyuZ6VYOFbmqVZg1oBglbdIUL04gX2wXLDyQP2w95N9ZWVetTEdnSsSnynnCqk5CbSOrFkXQHPFCKIF3UIysNwn_hmhwlQhS1tc1yNQLdWnxn3Ej65TIPMSqEKJfT6cf9RDbkQDXLcWCExEBih-Vz_1SeOVEk0UaC-r5Hy-u9Y2Q-OrWEceEObd_Mpt80yWZBawPhqMMuKYHZv4Q27XaK4CbZYoTHDPJH9jIWZUko1LZZirIRzZqFDbd10JeoNK0CK4F8n1n1n0kgsMzrJK6iV6CQzKwGaN35I4GxRChl4ONRravP8Cjl8KSYqSRm_q01ddbG4HvuQsMw9CBCIz9kZROEGE604_yK8l5YsN8hvQJ4q8IprJno2GXf1Uar3IjUsg0UcvoI-w2Jt5amKQ9wztWJ2wYH2GjkE8Bc0Ko-qV2l0zYUzUYqbCmRxnz6EEcAWGuqeKitbJkgmCTG18QCzz1a0vm-UBk33_bxzH7jKIw6njGxk4=w371-h494-no\" \/><\/p>\n<ul>\n<li><strong>La gallineta xerrapeta:<\/strong>\u00a0\u00c9s hora d&#8217;anar a dormir de la gallineta roja i li reclama al seu pare un conte per anar a dormir. Per\u00f2 cada vegada que comen\u00e7a un conte nou, la gallineta xerrapeta l&#8217;interromp.<\/li>\n<\/ul>\n<p><img decoding=\"async\" class=\"aligncenter\" src=\"http:\/\/www.editorialjuventud.es\/img\/3930.jpg\" alt=\"Resultado de imagen de la gallineta xerrapeta\" \/><\/p>\n<p><img decoding=\"async\" class=\"aligncenter\" src=\"https:\/\/lh3.googleusercontent.com\/3F833CxgtrqiHT5k_559WiItTNHmTcUmifw1JalSTpG6D7JJERXUkqWH19HezrfjbsmOV6CI86j-nduLSFiTA2L5CKd19c7c_uBnLWloFlQb_ama1Lf1eHwveNoykUYg0geBBRVw9KeUGHdTBkSH9_S0N4Zr9LfDAFTo9O8FNYfjkCWLRoNI5BhApPW9cXOcO-piN2dpHrlOoCgZlL_CvLpSgggJT0FHGwfbmoiCsTVMQygQqyIacuDplxVZuciaQSRPlD5YEHG7F7R8d6oWh0-M9HXc4f4iQyzDPFuhGQH-Lji_dDQNg4qxWk4ULgpaFUJrK_pXTdSQlE32oV6KXZOl_HI0a9nUn0yki2RKL6kSO_i41WIYvcJyBu52dVlAshfFwA0iaeqg9y-Q9SkK-EukGvVyz9WAJUNXjJ3eo-icH5wI4GwqZQJxjb86qb1SVNeWG_P3bOOA9nRbvZyDeDZCbiUJQs32wBTIDs5R6lC0vpiXOXPvJNYgT5hBu9_uNXtLxx8V7olK_GiTcEslNK9uyvGXaHcyxfM2VW4fplyPbpOjY1oImcs6KVouQmN7eXz1O3ebPillYwUWkOUw6Ft0F0rzyh718wnpFFc=w659-h495-no\" \/><\/p>\n<ul>\n<li><strong>El doctor submar\u00ed:<\/strong>\u00a0En Blub no \u00e9s pas un metge qualsevol. La seva consulta \u00e9s a bord d&#8217;un sofisticat submar\u00ed dotat amb els aven\u00e7os m\u00e8dics m\u00e9s originals i sorprenents. Els seus pacients s\u00f3n criatures marines de totes mides i formes.<\/li>\n<\/ul>\n<p><img decoding=\"async\" class=\"aligncenter\" src=\"https:\/\/imagessl3.casadellibro.com\/a\/l\/t0\/43\/9788498461343.jpg\" alt=\"Resultado de imagen de el doctor submar\u00ed\" \/><\/p>\n<p><img decoding=\"async\" class=\"aligncenter\" src=\"https:\/\/lh3.googleusercontent.com\/8FLJALWSLk73GdW6njlWXaUGSPEoGxRbnNpVbAgli5wgO-bSniemN8hd997ykyK2Hxx1gZrb-wk4q2Z_E2VuUZ5qt6TtPQDd-1IlrDo2Y6_iFhSQF1_Tm4Z9oXIVGO0qoSxOrTVOCzEZUER4cPVot7wH546yi-vE2PL1IoWOKfsoQPKhb3L2lKoLKRlp-Ulb_fpQLhOBy4d-s88CVrj5xNoguY1ARe7K-gDrWhx0FIpkM2MCWMg-8yKJBXhLLyp1RNedkTnDYxe0haTfcf8riGhKgj1Yhz2KCXJRbno5L1dJS6Hwlsbqj73qjlsMiuviMTTsdD5x0fE5ZjcGcAP4xqTgk7zk54CbgkxEsYTcjhDnXnCb44fsY17IkvcMj6eBeuPURZTs0BAvyq4yRoEWgzcU9YyMBIVQ_m43qqAVIlvwXHMmYWm-csGDKGe9wi-A1czce-xwt3jK7zON-RTMEIDapqKzWdKpi1ojGyD6oxOvu79TZ7g0LTBU6ceunJklAl48XJK34eOSm3d4-1eCmL_i7WZVDrWdgi-JX3G3EM11yQZHuU17ctVdHDKGkR9fDS7osSjqhhSCNx6Wh1SBYt51cVhaMWkzdlaCLFE=w371-h494-no\" \/><\/p>\n<p>&nbsp;<\/p>\n<p>Com podeu veure ens encanten els contes,i aquest\u00a0va ser un mat\u00ed molt entretingut!<\/p>\n<p><img decoding=\"async\" src=\"https:\/\/lh3.googleusercontent.com\/s-XWnBUdF3TabLQXHZGm2AZYrHtcmwM6MRGmONC8Y8r3miY8Ts4yVvVR1BfTO1Nui8W1Y5G3aXCl1DMRAKUPBxHpK4RpPlNeglCp8AWISGu43445LIHSzpxcDj_RjfGNX-eRIhU5L2K0k6aRWbuhQf-ETCMpe6nQBg5G_j_Zc6xdZVrm1a7VTZebVfeWRVlOwPTbYM2K6Kv4pNuVr9I4A1xvuiGBzksfv49nM0DQY1NZwxhHoZh0f-Tc4COzw2xeoeFcKSe8qPOwDaLuz6UMRSQ6HkDENgHXXplt6CejcC9Y_mUpjE59gHajQ3FObf5IX7mBo5vHCi4DgQtgCU06WhDjUtjEqqFrx3-IULm3c75ENmY-GYqGUg32IKcgfk5ArnYVJAv-Cy8tJIjR6hUTwlW-ggZOwrA2TE40bBv9AestECJmUA_8IO7803obt_p8Dgv90zBCySkks7bjenV7Oav7PGq_J08GH-x5i2H152dzmy3OIJCfKNaOMSWEQ61X8SIDlZK_FMx9KFOVefc5Fychlm_crtlFG5Vb728ourt4DIJNbGxnZiw4j9AJHR1-uMfUTeqlvdhqFDAZh9zzjwUAs99oZ-FceLSgoOI=w659-h495-no\" \/><\/p>\n","protected":false},"excerpt":{"rendered":"<p>El Divendres a l&#8217;hora de lectura vam tenir una sorpresa molt especial, ens va visitar una conta-contes. Aix\u00ed que tots disposats vam canviar la classe per la sala de psicomotricitat amb moltes ganes d&#8217;escoltar el que ens havia preparat.<\/p>\n<p>La Vict\u00f2ria ens tenia preparats 3 contes!<\/p>\n<ul>\n<li>La&hellip;  <a href=\"https:\/\/agora.xtec.cat\/esc-teresabergada\/blocs-de-primaria\/1r\/contacontes\/\" title=\"Read Contacontes\">Llegeix m\u00e9s\u00bb<\/a><br \/>\n","protected":false},"author":1,"featured_media":0,"comment_status":"open","ping_status":"closed","sticky":false,"template":"","format":"standard","meta":{"_bbp_topic_count":0,"_bbp_reply_count":0,"_bbp_total_topic_count":0,"_bbp_total_reply_count":0,"_bbp_voice_count":0,"_bbp_anonymous_reply_count":0,"_bbp_topic_count_hidden":0,"_bbp_reply_count_hidden":0,"_bbp_forum_subforum_count":0,"footnotes":""},"categories":[348],"tags":[285,203,121],"class_list":["post-2492","post","type-post","status-publish","format-standard","hentry","category-1r","tag-conta-contes","tag-contes","tag-educacio-infantil"],"post_mailing_queue_ids":[],"_links":{"self":[{"href":"https:\/\/agora.xtec.cat\/esc-teresabergada\/wp-json\/wp\/v2\/posts\/2492","targetHints":{"allow":["GET"]}}],"collection":[{"href":"https:\/\/agora.xtec.cat\/esc-teresabergada\/wp-json\/wp\/v2\/posts"}],"about":[{"href":"https:\/\/agora.xtec.cat\/esc-teresabergada\/wp-json\/wp\/v2\/types\/post"}],"author":[{"embeddable":true,"href":"https:\/\/agora.xtec.cat\/esc-teresabergada\/wp-json\/wp\/v2\/users\/1"}],"replies":[{"embeddable":true,"href":"https:\/\/agora.xtec.cat\/esc-teresabergada\/wp-json\/wp\/v2\/comments?post=2492"}],"version-history":[{"count":2,"href":"https:\/\/agora.xtec.cat\/esc-teresabergada\/wp-json\/wp\/v2\/posts\/2492\/revisions"}],"predecessor-version":[{"id":2494,"href":"https:\/\/agora.xtec.cat\/esc-teresabergada\/wp-json\/wp\/v2\/posts\/2492\/revisions\/2494"}],"wp:attachment":[{"href":"https:\/\/agora.xtec.cat\/esc-teresabergada\/wp-json\/wp\/v2\/media?parent=2492"}],"wp:term":[{"taxonomy":"category","embeddable":true,"href":"https:\/\/agora.xtec.cat\/esc-teresabergada\/wp-json\/wp\/v2\/categories?post=2492"},{"taxonomy":"post_tag","embeddable":true,"href":"https:\/\/agora.xtec.cat\/esc-teresabergada\/wp-json\/wp\/v2\/tags?post=2492"}],"curies":[{"name":"wp","href":"https:\/\/api.w.org\/{rel}","templated":true}]}}