{"id":2482,"date":"2018-02-15T22:27:59","date_gmt":"2018-02-15T21:27:59","guid":{"rendered":"http:\/\/agora.xtec.cat\/esc-teresabergada\/?p=2482"},"modified":"2020-09-08T06:25:45","modified_gmt":"2020-09-08T04:25:45","slug":"taller-de-llum","status":"publish","type":"post","link":"https:\/\/agora.xtec.cat\/esc-teresabergada\/infantil\/taller-de-llum\/","title":{"rendered":"Taller de llum"},"content":{"rendered":"<p>La llum i el joc amb la llum, que tant atreu als nens, genera un di\u00e0leg entre la ci\u00e8ncia, l&#8217;art i la bellesa.<\/p>\n<p>El temps deixa d&#8217;existir, s&#8217;atura i en un proc\u00e9s d&#8217;introspecci\u00f3 ens fa connectar amb nosaltres mateixos, dins d&#8217;un ambient ple de m\u00e0gia.<\/p>\n<p>No hi ha paraules, s&#8217;ha de viure!<\/p>\n<p><a href=\"https:\/\/photos.app.goo.gl\/Y6KEC4EhEk1p5s223\"><img decoding=\"async\" src=\"https:\/\/lh3.googleusercontent.com\/cxFzD9ZAohEyrCY3ij7olYH_2jEKL678XDCyq1SJ_wsynt3ws4DzYRo-rlfXuD4_eMM1EVbwyf1Bvx3YA9CQCA3SspzLeVR5xI8QUwapbSznibCFY2zdivojH_eJx5_aNaaykARbFM01AEKfCx_dZ02_Ld-1s6mk8Ol99LU20q3bzPHi15YbCq0pz5y6joD9FvTaUxQZ4CoWRslqgbpKoPosBOV_osryOx2lwOlWcFsFthGs_yRLR0oDjNkxQjk6fXj8K6gb8VMl2FAljHwYf9r1T9HMbHm7W6bDD6HME9oQubkFIHb51dcgoX9zkUDi4uwPNQzzsWVo8aj_-Hp-8VznAhxnEx_ro_owOW65RxjxV50CAjzr7jqLtMIx7PQQBoQ8ShqHCCdiGaY6J9K530whJ6QiZO2Rf7Jn9muffM7_T1tHFP29S4ld8IP0UKUWoUpQP2HQ20vsvi3MhgqE2Pbs0R72_FiAgMh6LAtgwZuFuVi6UsuYRunp8CeZ-RNWaLZlrmAHhvPV4VGN0X9WyoC40G0P77hd1ahlpQT4nc_F3ROArl-40zCkkQIThWh-i3VvfVvpa95Nd_BA-t0raUfj1rcSfGbOGi_jit8=w659-h495-no\" \/><\/a><\/p>\n<p>En aquesta ocasi\u00f3 l&#8217;ambient hivernal ens espera, genu\u00ed i carregat de provocacions.<\/p>\n<p>Voleu saber qu\u00e8 hem fet en aquesta sessi\u00f3?<\/p>\n<p>L\u2019hivern ha enva\u00eft el taller de llum. En arribar, una gran tempesta de neu ens d\u00f3na la benvinguda tot convidant-nos a jugar amb la neu, les safates sensorials i la pintura fluorescent.<\/p>\n<p><a href=\"https:\/\/photos.app.goo.gl\/Y6KEC4EhEk1p5s223\"><img decoding=\"async\" src=\"https:\/\/lh3.googleusercontent.com\/Mv1VzRz6tPWVahqJW_2oV8QHa1MKcakhzxRmux9nX31TanUp_Zoawb9rzMQj-TUuPLQ6jJ58rZCvs7iPGT6XZ7QN131M1oY_nRyH09OJpWXFo_QrRyZCSrnB79CSffayIJfQhAHjfmYj4Zio8HCAt-bH3el3kOE3y0bqLs5NtKHofUHvhUU69cwTa6Y71JdzCYkIFbS_zeEMWIn2T0JRASviwg_QkQfcQyxJBDxvbexMYA96-Z2yRzyGnV4wP2zHlv05sJdZqLHWJxAMCFrP01nXWY3nA2yT6dWBsOLAxAklCH7IXnyZsZSnnWYypwBvy2JY13o1DrNqcslI556Ju_n75umH4lnDqfuPlQhsJXdjcIQjVcSwfvP73RSGRVhb-PgG54Qv-hirJiXPN4rRFi0T7EHidlkH-WWYLZ7F8UosT1VVTNjhJV3VmGgfE43d0pO0MOQG5IHQaB6NVKZ-UsQTotpJmcVzh2FGhxRluATkz0NdFPvB0ywEYIi2x_A9EowyJgscZvzmLlgFu2IO-xQsbcotcfkAiqgdW7xlIxP361BGEYQgusJUWzUh4HPwWwep8ptsISm3ShH0Fyzlgt82MxiLM60x6k9N2IE=w371-h494-no\" \/><\/a><\/p>\n<p>cliqueu sobre la <strong>imatge<\/strong> per accedir al recull fotogr\u00e0fic.<\/p>\n<p>&nbsp;<\/p>\n","protected":false},"excerpt":{"rendered":"<p>L\u2019hivern ha enva\u00eft el taller de llum. En arribar, una gran tempesta de neu ens d\u00f3na la benvinguda tot convidant-nos a jugar amb la neu, les safates sensorials i la pintura fluorescent.&hellip;  <a href=\"https:\/\/agora.xtec.cat\/esc-teresabergada\/infantil\/taller-de-llum\/\" title=\"Read Taller de llum\">Llegeix m\u00e9s\u00bb<\/a><\/p>\n","protected":false},"author":1,"featured_media":0,"comment_status":"open","ping_status":"closed","sticky":false,"template":"","format":"standard","meta":{"_bbp_topic_count":0,"_bbp_reply_count":0,"_bbp_total_topic_count":0,"_bbp_total_reply_count":0,"_bbp_voice_count":0,"_bbp_anonymous_reply_count":0,"_bbp_topic_count_hidden":0,"_bbp_reply_count_hidden":0,"_bbp_forum_subforum_count":0,"footnotes":""},"categories":[348,153,2],"tags":[],"class_list":["post-2482","post","type-post","status-publish","format-standard","hentry","category-1r","category-2n","category-infantil"],"post_mailing_queue_ids":[],"_links":{"self":[{"href":"https:\/\/agora.xtec.cat\/esc-teresabergada\/wp-json\/wp\/v2\/posts\/2482","targetHints":{"allow":["GET"]}}],"collection":[{"href":"https:\/\/agora.xtec.cat\/esc-teresabergada\/wp-json\/wp\/v2\/posts"}],"about":[{"href":"https:\/\/agora.xtec.cat\/esc-teresabergada\/wp-json\/wp\/v2\/types\/post"}],"author":[{"embeddable":true,"href":"https:\/\/agora.xtec.cat\/esc-teresabergada\/wp-json\/wp\/v2\/users\/1"}],"replies":[{"embeddable":true,"href":"https:\/\/agora.xtec.cat\/esc-teresabergada\/wp-json\/wp\/v2\/comments?post=2482"}],"version-history":[{"count":3,"href":"https:\/\/agora.xtec.cat\/esc-teresabergada\/wp-json\/wp\/v2\/posts\/2482\/revisions"}],"predecessor-version":[{"id":2486,"href":"https:\/\/agora.xtec.cat\/esc-teresabergada\/wp-json\/wp\/v2\/posts\/2482\/revisions\/2486"}],"wp:attachment":[{"href":"https:\/\/agora.xtec.cat\/esc-teresabergada\/wp-json\/wp\/v2\/media?parent=2482"}],"wp:term":[{"taxonomy":"category","embeddable":true,"href":"https:\/\/agora.xtec.cat\/esc-teresabergada\/wp-json\/wp\/v2\/categories?post=2482"},{"taxonomy":"post_tag","embeddable":true,"href":"https:\/\/agora.xtec.cat\/esc-teresabergada\/wp-json\/wp\/v2\/tags?post=2482"}],"curies":[{"name":"wp","href":"https:\/\/api.w.org\/{rel}","templated":true}]}}