{"id":2427,"date":"2018-02-10T00:50:43","date_gmt":"2018-02-09T23:50:43","guid":{"rendered":"http:\/\/agora.xtec.cat\/esc-teresabergada\/?p=2427"},"modified":"2020-09-08T06:23:53","modified_gmt":"2020-09-08T04:23:53","slug":"sessio-dart-comunitari-instal-lacio-de-javier-abad","status":"publish","type":"post","link":"https:\/\/agora.xtec.cat\/esc-teresabergada\/blocs-de-primaria\/2n\/sessio-dart-comunitari-instal-lacio-de-javier-abad\/","title":{"rendered":"Sessi\u00f3 d\u00b4art comunitari. Instal.laci\u00f3 de Javier Abad."},"content":{"rendered":"<p>El dijous per la tarda i com a tret de sortida de la festa del Carnaval, els infants de P3 varen passar-s\u00b4ho d\u00b4all\u00f2 m\u00e9s b\u00e9 interaccionant, jugant i experimentant amb una instal.laci\u00f3 d\u00b4art contemporani a l\u00b4estil d\u00b4en Javier Abad. La visi\u00f3 de l\u00b4art contemporani ens permet una mirada m\u00e9s hol\u00edstica i interactiva amb les creacions dels artistes. Perqu\u00e8 \u00e9s una provocaci\u00f3 pels infants, una &#8220;seducci\u00f3 est\u00e8tica&#8221;.<\/p>\n<p>Hem anat a la sala de psicomotricitat esperant trobar una sorpresa i&#8230;voli\u00e0. Hem observat la instal.laci\u00f3 art\u00edstica, hi hem jugat, hi hem dialogat, n\u00b4hem fet una creaci\u00f3 personalitzada i finalment, hem recollit i hem anat a l\u00b4aula.<\/p>\n<p>Un cop feta la relaxaci\u00f3 i tornada la calma, hem pogut parlar i posar nom a les sensacions que hem viscut i hem passat l\u00b4experi\u00e8ncia a un bon record. A tot aix\u00f2, tamb\u00e9 ens hi ha ajudat el dibuix que hem fet al pl\u00e0stic transparent .<\/p>\n<p>L\u00b4escola \u00e9s un pont entre l\u00b4art i la\u00a0inf\u00e0ncia.<\/p>\n\n\t\t<style type=\"text\/css\">\n\t\t\t#gallery-1 {\n\t\t\t\tmargin: auto;\n\t\t\t}\n\t\t\t#gallery-1 .gallery-item {\n\t\t\t\tfloat: left;\n\t\t\t\tmargin-top: 10px;\n\t\t\t\ttext-align: center;\n\t\t\t\twidth: 33%;\n\t\t\t}\n\t\t\t#gallery-1 img {\n\t\t\t\tborder: 2px solid #cfcfcf;\n\t\t\t}\n\t\t\t#gallery-1 .gallery-caption {\n\t\t\t\tmargin-left: 0;\n\t\t\t}\n\t\t\t\/* see gallery_shortcode() in wp-includes\/media.php *\/\n\t\t<\/style>\n\t\t<div id='gallery-1' class='gallery galleryid-2427 gallery-columns-3 gallery-size-thumbnail'><dl class='gallery-item'>\n\t\t\t<dt class='gallery-icon landscape'>\n\t\t\t\t<a href='https:\/\/agora.xtec.cat\/esc-teresabergada\/blocs-de-primaria\/2n\/sessio-dart-comunitari-instal-lacio-de-javier-abad\/attachment\/art-2\/'><img loading=\"lazy\" decoding=\"async\" width=\"150\" height=\"150\" src=\"https:\/\/agora.xtec.cat\/esc-teresabergada\/wp-content\/uploads\/usu1533\/2018\/02\/art-1-150x150.jpg\" class=\"attachment-thumbnail size-thumbnail\" alt=\"\" \/><\/a>\n\t\t\t<\/dt><\/dl>\n\t\t\t<br style='clear: both' \/>\n\t\t<\/div>\n\n<p>&nbsp;<\/p>\n<p>&nbsp;<\/p>\n<p>&nbsp;<\/p>\n","protected":false},"excerpt":{"rendered":"<p>El dijous per la tarda i com a tret de sortida de la festa del Carnaval, els infants de P3 varen passar-s\u00b4ho d\u00b4all\u00f2 m\u00e9s b\u00e9 interaccionant, jugant i experimentant amb una instal.laci\u00f3 d\u00b4art contemporani a l\u00b4estil d\u00b4en Javier Abad. La visi\u00f3 de l\u00b4art contemporani ens&hellip;  <a href=\"https:\/\/agora.xtec.cat\/esc-teresabergada\/blocs-de-primaria\/2n\/sessio-dart-comunitari-instal-lacio-de-javier-abad\/\" title=\"Read Sessi\u00f3 d\u00b4art comunitari. Instal.laci\u00f3 de Javier Abad.\">Llegeix m\u00e9s\u00bb<\/a><\/p>\n","protected":false},"author":1,"featured_media":2429,"comment_status":"open","ping_status":"closed","sticky":false,"template":"","format":"standard","meta":{"_bbp_topic_count":0,"_bbp_reply_count":0,"_bbp_total_topic_count":0,"_bbp_total_reply_count":0,"_bbp_voice_count":0,"_bbp_anonymous_reply_count":0,"_bbp_topic_count_hidden":0,"_bbp_reply_count_hidden":0,"_bbp_forum_subforum_count":0,"footnotes":""},"categories":[348,153,238],"tags":[],"class_list":["post-2427","post","type-post","status-publish","format-standard","has-post-thumbnail","hentry","category-1r","category-2n","category-3r"],"post_mailing_queue_ids":[],"_links":{"self":[{"href":"https:\/\/agora.xtec.cat\/esc-teresabergada\/wp-json\/wp\/v2\/posts\/2427","targetHints":{"allow":["GET"]}}],"collection":[{"href":"https:\/\/agora.xtec.cat\/esc-teresabergada\/wp-json\/wp\/v2\/posts"}],"about":[{"href":"https:\/\/agora.xtec.cat\/esc-teresabergada\/wp-json\/wp\/v2\/types\/post"}],"author":[{"embeddable":true,"href":"https:\/\/agora.xtec.cat\/esc-teresabergada\/wp-json\/wp\/v2\/users\/1"}],"replies":[{"embeddable":true,"href":"https:\/\/agora.xtec.cat\/esc-teresabergada\/wp-json\/wp\/v2\/comments?post=2427"}],"version-history":[{"count":3,"href":"https:\/\/agora.xtec.cat\/esc-teresabergada\/wp-json\/wp\/v2\/posts\/2427\/revisions"}],"predecessor-version":[{"id":2440,"href":"https:\/\/agora.xtec.cat\/esc-teresabergada\/wp-json\/wp\/v2\/posts\/2427\/revisions\/2440"}],"wp:featuredmedia":[{"embeddable":true,"href":"https:\/\/agora.xtec.cat\/esc-teresabergada\/wp-json\/wp\/v2\/media\/2429"}],"wp:attachment":[{"href":"https:\/\/agora.xtec.cat\/esc-teresabergada\/wp-json\/wp\/v2\/media?parent=2427"}],"wp:term":[{"taxonomy":"category","embeddable":true,"href":"https:\/\/agora.xtec.cat\/esc-teresabergada\/wp-json\/wp\/v2\/categories?post=2427"},{"taxonomy":"post_tag","embeddable":true,"href":"https:\/\/agora.xtec.cat\/esc-teresabergada\/wp-json\/wp\/v2\/tags?post=2427"}],"curies":[{"name":"wp","href":"https:\/\/api.w.org\/{rel}","templated":true}]}}