{"id":2389,"date":"2018-02-05T13:04:16","date_gmt":"2018-02-05T12:04:16","guid":{"rendered":"http:\/\/agora.xtec.cat\/esc-teresabergada\/?p=2389"},"modified":"2018-02-05T13:09:56","modified_gmt":"2018-02-05T12:09:56","slug":"dona-la-nota-persones-iguals","status":"publish","type":"post","link":"https:\/\/agora.xtec.cat\/esc-teresabergada\/portada\/dona-la-nota-persones-iguals\/","title":{"rendered":"D\u00d3NA LA NOTA-PERSONES IGUALS"},"content":{"rendered":"<p>&nbsp;<\/p>\n<p><em><strong>D\u00f3na la nota<\/strong><\/em>\u00a0\u00e9s un projecte del\u00a0<em>Camp d\u2019Aprenentatge Pau Casals,<\/em>\u00a0que t\u00e9 l\u2019objectiu de reivindicar la import\u00e0ncia de la m\u00fasica en l\u2019educaci\u00f3 dels infants. Aquest any, a m\u00e9s, reivindicar\u00e0 la igualtat de g\u00e8nere.<\/p>\n<p>Aquest cop, amb D\u00d3NA LA NOTA, volem recordar que tant si som nins, nenes, xiquetes, minyons, boixos, dones, noies o al\u00b7lots\u2026 som PERSONES IGUALS.<\/p>\n<p>Somiem un m\u00f3n on homes i dones ens respectem i tinguem les mateixes oportunitats davant la societat. La millor manera d\u2019aconseguir el nostre pr\u00f2posit \u00e9s a trav\u00e9s de la m\u00fasica, aquesta forma d\u2019expressi\u00f3 uneix persones de diverses capacitats, \u00e8tnies, edats, cultures, identitats, g\u00e8neres\u2026<\/p>\n<p>Per aquest motiu proposem:<\/p>\n<h3>Cantar plegats\u00a0la can\u00e7\u00f3 PERSONES IGUALS\u00a0el 8 de mar\u00e7,<\/h3>\n<h3>Dia Internacional de les Dones,<\/h3>\n<h3>a les 11h del mat\u00ed, als patis, places, carrers dels vostres pobles,<\/h3>\n<h3>per tal de reivindicar la inclusi\u00f3 de totes les persones en igualtat de condicions en la nostra societat.<\/h3>\n<p>&nbsp;<\/p>\n<p>PERSONES IGUALS<br \/>\n<iframe loading=\"lazy\" src=\"https:\/\/www.youtube.com\/embed\/gQ01wgIw0KY\" width=\"560\" height=\"315\" frameborder=\"0\" allowfullscreen=\"allowfullscreen\"><\/iframe><\/p>\n","protected":false},"excerpt":{"rendered":"<p>&nbsp;<br \/>\nD\u00f3na la nota\u00a0\u00e9s un projecte del\u00a0Camp d\u2019Aprenentatge Pau Casals,\u00a0que t\u00e9 l\u2019objectiu de reivindicar la import\u00e0ncia de la m\u00fasica en l\u2019educaci\u00f3 dels infants. Aquest any, a m\u00e9s, reivindicar\u00e0 la igualtat de g\u00e8nere.<br \/>\nAquest cop, amb D\u00d3NA LA NOTA, volem recordar que tant si som nins, nenes, xiquetes,&hellip;  <a href=\"https:\/\/agora.xtec.cat\/esc-teresabergada\/portada\/dona-la-nota-persones-iguals\/\" title=\"Read D\u00d3NA LA NOTA-PERSONES IGUALS\">Llegeix m\u00e9s\u00bb<\/a><\/p>\n","protected":false},"author":1,"featured_media":2390,"comment_status":"open","ping_status":"closed","sticky":false,"template":"","format":"standard","meta":{"_bbp_topic_count":0,"_bbp_reply_count":0,"_bbp_total_topic_count":0,"_bbp_total_reply_count":0,"_bbp_voice_count":0,"_bbp_anonymous_reply_count":0,"_bbp_topic_count_hidden":0,"_bbp_reply_count_hidden":0,"_bbp_forum_subforum_count":0,"footnotes":""},"categories":[104,4],"tags":[100,274,56,106],"class_list":["post-2389","post","type-post","status-publish","format-standard","has-post-thumbnail","hentry","category-musica","category-portada","tag-canco","tag-diversitat","tag-musica","tag-video"],"post_mailing_queue_ids":[],"_links":{"self":[{"href":"https:\/\/agora.xtec.cat\/esc-teresabergada\/wp-json\/wp\/v2\/posts\/2389","targetHints":{"allow":["GET"]}}],"collection":[{"href":"https:\/\/agora.xtec.cat\/esc-teresabergada\/wp-json\/wp\/v2\/posts"}],"about":[{"href":"https:\/\/agora.xtec.cat\/esc-teresabergada\/wp-json\/wp\/v2\/types\/post"}],"author":[{"embeddable":true,"href":"https:\/\/agora.xtec.cat\/esc-teresabergada\/wp-json\/wp\/v2\/users\/1"}],"replies":[{"embeddable":true,"href":"https:\/\/agora.xtec.cat\/esc-teresabergada\/wp-json\/wp\/v2\/comments?post=2389"}],"version-history":[{"count":2,"href":"https:\/\/agora.xtec.cat\/esc-teresabergada\/wp-json\/wp\/v2\/posts\/2389\/revisions"}],"predecessor-version":[{"id":2392,"href":"https:\/\/agora.xtec.cat\/esc-teresabergada\/wp-json\/wp\/v2\/posts\/2389\/revisions\/2392"}],"wp:featuredmedia":[{"embeddable":true,"href":"https:\/\/agora.xtec.cat\/esc-teresabergada\/wp-json\/wp\/v2\/media\/2390"}],"wp:attachment":[{"href":"https:\/\/agora.xtec.cat\/esc-teresabergada\/wp-json\/wp\/v2\/media?parent=2389"}],"wp:term":[{"taxonomy":"category","embeddable":true,"href":"https:\/\/agora.xtec.cat\/esc-teresabergada\/wp-json\/wp\/v2\/categories?post=2389"},{"taxonomy":"post_tag","embeddable":true,"href":"https:\/\/agora.xtec.cat\/esc-teresabergada\/wp-json\/wp\/v2\/tags?post=2389"}],"curies":[{"name":"wp","href":"https:\/\/api.w.org\/{rel}","templated":true}]}}