{"id":2380,"date":"2018-02-05T08:06:02","date_gmt":"2018-02-05T07:06:02","guid":{"rendered":"http:\/\/agora.xtec.cat\/esc-teresabergada\/?p=2380"},"modified":"2018-02-06T15:36:33","modified_gmt":"2018-02-06T14:36:33","slug":"taller-dexpressio-corporal-i-jocs","status":"publish","type":"post","link":"https:\/\/agora.xtec.cat\/esc-teresabergada\/infantil\/taller-dexpressio-corporal-i-jocs\/","title":{"rendered":"TALLER D&#8217;EXPRESSI\u00d3 CORPORAL I JOCS"},"content":{"rendered":"<p>En aquest taller hi podem trobar una combinaci\u00f3 de sessions d\u2019expressi\u00f3 corporal i de jocs. Quant a l\u2019expressi\u00f3 corporal es treballa amb material, sense material, amb m\u00fasica\u00a0 i dramatitzaci\u00f3. Es vol partir de l\u2019experimentaci\u00f3 del cos i el moviment per afavorir l\u2019expressi\u00f3 i la comunicaci\u00f3. \u00a0Respecte al joc, es parteix de la proposta de jocs que van adoptant variacions segons la implicaci\u00f3 dels nens i de les nenes. Els jocs poden ser amb material o sense, treballant amb tot l\u2019espai-aula i jocs de rotllana i d\u2019atenci\u00f3. A les diverses sessions tamb\u00e9 es produeix una barreja de jocs i expressi\u00f3.<\/p>\n<p><a href=\"https:\/\/photos.app.goo.gl\/MFilyFpg1JL7ioYr2\">Cliqueu aqu\u00ed per veure les fotos.<\/a><\/p>\n","protected":false},"excerpt":{"rendered":"<p>En aquest taller hi podem trobar una combinaci\u00f3 de sessions d\u2019expressi\u00f3 corporal i de jocs. Quant a l\u2019expressi\u00f3 corporal es treballa amb material, sense material, amb m\u00fasica\u00a0 i dramatitzaci\u00f3. Es vol partir de l\u2019experimentaci\u00f3 del cos i el moviment per afavorir l\u2019expressi\u00f3 i la comunicaci\u00f3.&hellip;  <a href=\"https:\/\/agora.xtec.cat\/esc-teresabergada\/infantil\/taller-dexpressio-corporal-i-jocs\/\" title=\"Read TALLER D&#8217;EXPRESSI\u00d3 CORPORAL I JOCS\">Llegeix m\u00e9s\u00bb<\/a><\/p>\n","protected":false},"author":12,"featured_media":0,"comment_status":"open","ping_status":"closed","sticky":false,"template":"","format":"standard","meta":{"_bbp_topic_count":0,"_bbp_reply_count":0,"_bbp_total_topic_count":0,"_bbp_total_reply_count":0,"_bbp_voice_count":0,"_bbp_anonymous_reply_count":0,"_bbp_topic_count_hidden":0,"_bbp_reply_count_hidden":0,"_bbp_forum_subforum_count":0,"footnotes":""},"categories":[2],"tags":[121],"class_list":["post-2380","post","type-post","status-publish","format-standard","hentry","category-infantil","tag-educacio-infantil"],"post_mailing_queue_ids":[],"_links":{"self":[{"href":"https:\/\/agora.xtec.cat\/esc-teresabergada\/wp-json\/wp\/v2\/posts\/2380","targetHints":{"allow":["GET"]}}],"collection":[{"href":"https:\/\/agora.xtec.cat\/esc-teresabergada\/wp-json\/wp\/v2\/posts"}],"about":[{"href":"https:\/\/agora.xtec.cat\/esc-teresabergada\/wp-json\/wp\/v2\/types\/post"}],"author":[{"embeddable":true,"href":"https:\/\/agora.xtec.cat\/esc-teresabergada\/wp-json\/wp\/v2\/users\/12"}],"replies":[{"embeddable":true,"href":"https:\/\/agora.xtec.cat\/esc-teresabergada\/wp-json\/wp\/v2\/comments?post=2380"}],"version-history":[{"count":3,"href":"https:\/\/agora.xtec.cat\/esc-teresabergada\/wp-json\/wp\/v2\/posts\/2380\/revisions"}],"predecessor-version":[{"id":2382,"href":"https:\/\/agora.xtec.cat\/esc-teresabergada\/wp-json\/wp\/v2\/posts\/2380\/revisions\/2382"}],"wp:attachment":[{"href":"https:\/\/agora.xtec.cat\/esc-teresabergada\/wp-json\/wp\/v2\/media?parent=2380"}],"wp:term":[{"taxonomy":"category","embeddable":true,"href":"https:\/\/agora.xtec.cat\/esc-teresabergada\/wp-json\/wp\/v2\/categories?post=2380"},{"taxonomy":"post_tag","embeddable":true,"href":"https:\/\/agora.xtec.cat\/esc-teresabergada\/wp-json\/wp\/v2\/tags?post=2380"}],"curies":[{"name":"wp","href":"https:\/\/api.w.org\/{rel}","templated":true}]}}