{"id":2297,"date":"2018-01-30T07:42:12","date_gmt":"2018-01-30T06:42:12","guid":{"rendered":"http:\/\/agora.xtec.cat\/esc-teresabergada\/?p=2297"},"modified":"2020-09-08T06:23:11","modified_gmt":"2020-09-08T04:23:11","slug":"dia-escolar-de-la-no-violencia-i-la-pau","status":"publish","type":"post","link":"https:\/\/agora.xtec.cat\/esc-teresabergada\/portada\/dia-escolar-de-la-no-violencia-i-la-pau\/","title":{"rendered":"Dia Escolar de la No &#8211; Viol\u00e8ncia i la Pau"},"content":{"rendered":"<p style=\"text-align: justify;\">Avui dia 30 de gener a l&#8217;escola celebrem el dia de la Pau i de la No &#8211; Viol\u00e8ncia; ho fem reunint-nos petits i grans al pati de l&#8217;escola \u00a0tot compartint frases que per nosaltres s\u00f3n s\u00edmbol de pau i, a m\u00e9s a m\u00e9s, unint les nostres veus per cantar la can\u00e7\u00f3 Somnis d&#8217;Infant (Tom\u00e0s Gonz\u00e1lez).<\/p>\n<p><iframe loading=\"lazy\" title=\"Somnis d&#039;infant. Can\u00e7\u00f3 de Tom\u00e0s Gonz\u00e0lez.\" width=\"500\" height=\"375\" src=\"https:\/\/www.youtube.com\/embed\/wXKf61yqVuE?feature=oembed\" frameborder=\"0\" allow=\"accelerometer; autoplay; clipboard-write; encrypted-media; gyroscope; picture-in-picture; web-share\" referrerpolicy=\"strict-origin-when-cross-origin\" allowfullscreen><\/iframe><\/p>\n<p style=\"text-align: justify;\">A continuaci\u00f3 us deixem un v\u00eddeo de\u00a0les activitats\u00a0realitzades pels vostres fills I filles les quals han servit per treballar el significat de la pau des de diferents \u00e0mbits educatius, com el ling\u00fc\u00edstic i l&#8217;art\u00edstic.<\/p>\n","protected":false},"excerpt":{"rendered":"<p>Avui dia 30 de gener a l&#8217;escola celebrem el dia de la Pau i de la No &#8211; Viol\u00e8ncia; ho fem reunint-nos petits i grans al pati de l&#8217;escola  tot compartint frases que per nosaltres s\u00f3n s\u00edmbol de pau i, a m\u00e9s a m\u00e9s, unint les nostres veus per cantar la can\u00e7\u00f3 Somnis d&#8217;Infant (Tom\u00e0s Gonz\u00e1lez).&hellip;  <a href=\"https:\/\/agora.xtec.cat\/esc-teresabergada\/portada\/dia-escolar-de-la-no-violencia-i-la-pau\/\" title=\"Read Dia Escolar de la No &#8211; Viol\u00e8ncia i la Pau\">Llegeix m\u00e9s\u00bb<\/a><\/p>\n","protected":false},"author":1,"featured_media":2298,"comment_status":"open","ping_status":"closed","sticky":false,"template":"","format":"standard","meta":{"_bbp_topic_count":0,"_bbp_reply_count":0,"_bbp_total_topic_count":0,"_bbp_total_reply_count":0,"_bbp_voice_count":0,"_bbp_anonymous_reply_count":0,"_bbp_topic_count_hidden":0,"_bbp_reply_count_hidden":0,"_bbp_forum_subforum_count":0,"footnotes":""},"categories":[4],"tags":[110,77],"class_list":["post-2297","post","type-post","status-publish","format-standard","has-post-thumbnail","hentry","category-portada","tag-dia-de-la-pau","tag-escola"],"post_mailing_queue_ids":[],"_links":{"self":[{"href":"https:\/\/agora.xtec.cat\/esc-teresabergada\/wp-json\/wp\/v2\/posts\/2297","targetHints":{"allow":["GET"]}}],"collection":[{"href":"https:\/\/agora.xtec.cat\/esc-teresabergada\/wp-json\/wp\/v2\/posts"}],"about":[{"href":"https:\/\/agora.xtec.cat\/esc-teresabergada\/wp-json\/wp\/v2\/types\/post"}],"author":[{"embeddable":true,"href":"https:\/\/agora.xtec.cat\/esc-teresabergada\/wp-json\/wp\/v2\/users\/1"}],"replies":[{"embeddable":true,"href":"https:\/\/agora.xtec.cat\/esc-teresabergada\/wp-json\/wp\/v2\/comments?post=2297"}],"version-history":[{"count":3,"href":"https:\/\/agora.xtec.cat\/esc-teresabergada\/wp-json\/wp\/v2\/posts\/2297\/revisions"}],"predecessor-version":[{"id":7530,"href":"https:\/\/agora.xtec.cat\/esc-teresabergada\/wp-json\/wp\/v2\/posts\/2297\/revisions\/7530"}],"wp:featuredmedia":[{"embeddable":true,"href":"https:\/\/agora.xtec.cat\/esc-teresabergada\/wp-json\/wp\/v2\/media\/2298"}],"wp:attachment":[{"href":"https:\/\/agora.xtec.cat\/esc-teresabergada\/wp-json\/wp\/v2\/media?parent=2297"}],"wp:term":[{"taxonomy":"category","embeddable":true,"href":"https:\/\/agora.xtec.cat\/esc-teresabergada\/wp-json\/wp\/v2\/categories?post=2297"},{"taxonomy":"post_tag","embeddable":true,"href":"https:\/\/agora.xtec.cat\/esc-teresabergada\/wp-json\/wp\/v2\/tags?post=2297"}],"curies":[{"name":"wp","href":"https:\/\/api.w.org\/{rel}","templated":true}]}}