{"id":2273,"date":"2018-01-22T20:23:38","date_gmt":"2018-01-22T19:23:38","guid":{"rendered":"http:\/\/agora.xtec.cat\/esc-teresabergada\/?p=2273"},"modified":"2019-09-27T14:09:11","modified_gmt":"2019-09-27T12:09:11","slug":"1a-jornada-dastronomia","status":"publish","type":"post","link":"https:\/\/agora.xtec.cat\/esc-teresabergada\/general\/1a-jornada-dastronomia\/","title":{"rendered":"1a JORNADA D&#8217;ASTRONOMIA"},"content":{"rendered":"<h3 style=\"text-align: justify;\">L&#8217;alumnat de cicle mitj\u00e0 estem preparant amb moltes ganes la &#8220;1a Jornada d&#8217;Astronomia&#8221; de l&#8217;escola Teresa Bergad\u00e0, per poder presentar a les nostres fam\u00edlies el projecte que hem treballat sobre l&#8217;univers.<\/h3>\n<h3 style=\"text-align: justify;\">No hi podeu faltar!<\/h3>\n<h3 style=\"text-align: justify;\">Properament&#8230;<\/h3>\n<p><a href=\"http:\/\/agora.xtec.cat\/esc-teresabergada\/wp-content\/uploads\/usu1533\/2018\/01\/JORNADA-ASTRONOMIA.png\"><img loading=\"lazy\" decoding=\"async\" class=\"alignnone size-large wp-image-2274\" src=\"http:\/\/agora.xtec.cat\/esc-teresabergada\/wp-content\/uploads\/usu1533\/2018\/01\/JORNADA-ASTRONOMIA-730x1024.png\" alt=\"\" width=\"730\" height=\"1024\" srcset=\"https:\/\/agora.xtec.cat\/esc-teresabergada\/wp-content\/uploads\/usu1533\/2018\/01\/JORNADA-ASTRONOMIA-730x1024.png 730w, https:\/\/agora.xtec.cat\/esc-teresabergada\/wp-content\/uploads\/usu1533\/2018\/01\/JORNADA-ASTRONOMIA-214x300.png 214w, https:\/\/agora.xtec.cat\/esc-teresabergada\/wp-content\/uploads\/usu1533\/2018\/01\/JORNADA-ASTRONOMIA.png 739w\" sizes=\"auto, (max-width: 730px) 100vw, 730px\" \/><\/a><\/p>\n","protected":false},"excerpt":{"rendered":"<p>1a JORNADA D&#8217;ASTRONOMIA<br \/>\n(Cicle Mitj\u00e0)&hellip;  <a href=\"https:\/\/agora.xtec.cat\/esc-teresabergada\/general\/1a-jornada-dastronomia\/\" title=\"Read 1a JORNADA D&#8217;ASTRONOMIA\">Llegeix m\u00e9s\u00bb<\/a><\/p>\n","protected":false},"author":28,"featured_media":2274,"comment_status":"open","ping_status":"closed","sticky":false,"template":"","format":"standard","meta":{"_bbp_topic_count":0,"_bbp_reply_count":0,"_bbp_total_topic_count":0,"_bbp_total_reply_count":0,"_bbp_voice_count":0,"_bbp_anonymous_reply_count":0,"_bbp_topic_count_hidden":0,"_bbp_reply_count_hidden":0,"_bbp_forum_subforum_count":0,"footnotes":""},"categories":[1],"tags":[],"class_list":["post-2273","post","type-post","status-publish","format-standard","has-post-thumbnail","hentry","category-general"],"post_mailing_queue_ids":[],"_links":{"self":[{"href":"https:\/\/agora.xtec.cat\/esc-teresabergada\/wp-json\/wp\/v2\/posts\/2273","targetHints":{"allow":["GET"]}}],"collection":[{"href":"https:\/\/agora.xtec.cat\/esc-teresabergada\/wp-json\/wp\/v2\/posts"}],"about":[{"href":"https:\/\/agora.xtec.cat\/esc-teresabergada\/wp-json\/wp\/v2\/types\/post"}],"author":[{"embeddable":true,"href":"https:\/\/agora.xtec.cat\/esc-teresabergada\/wp-json\/wp\/v2\/users\/28"}],"replies":[{"embeddable":true,"href":"https:\/\/agora.xtec.cat\/esc-teresabergada\/wp-json\/wp\/v2\/comments?post=2273"}],"version-history":[{"count":2,"href":"https:\/\/agora.xtec.cat\/esc-teresabergada\/wp-json\/wp\/v2\/posts\/2273\/revisions"}],"predecessor-version":[{"id":2491,"href":"https:\/\/agora.xtec.cat\/esc-teresabergada\/wp-json\/wp\/v2\/posts\/2273\/revisions\/2491"}],"wp:featuredmedia":[{"embeddable":true,"href":"https:\/\/agora.xtec.cat\/esc-teresabergada\/wp-json\/wp\/v2\/media\/2274"}],"wp:attachment":[{"href":"https:\/\/agora.xtec.cat\/esc-teresabergada\/wp-json\/wp\/v2\/media?parent=2273"}],"wp:term":[{"taxonomy":"category","embeddable":true,"href":"https:\/\/agora.xtec.cat\/esc-teresabergada\/wp-json\/wp\/v2\/categories?post=2273"},{"taxonomy":"post_tag","embeddable":true,"href":"https:\/\/agora.xtec.cat\/esc-teresabergada\/wp-json\/wp\/v2\/tags?post=2273"}],"curies":[{"name":"wp","href":"https:\/\/api.w.org\/{rel}","templated":true}]}}