{"id":2270,"date":"2018-01-22T17:08:43","date_gmt":"2018-01-22T16:08:43","guid":{"rendered":"http:\/\/agora.xtec.cat\/esc-teresabergada\/?p=2270"},"modified":"2020-09-08T06:19:22","modified_gmt":"2020-09-08T04:19:22","slug":"les-diferents-perspectives-de-lart","status":"publish","type":"post","link":"https:\/\/agora.xtec.cat\/esc-teresabergada\/general\/les-diferents-perspectives-de-lart\/","title":{"rendered":"LES DIFERENTS PERSPECTIVES DE L&#8217;ART"},"content":{"rendered":"<p>Els nens i nenes de P3 treballem els colors freds de l&#8217;hivern i ens expressem a trav\u00e9s de l&#8217;art. En aquesta ocasi\u00f3 despr\u00e9s de fer conversa a la rotllana i de veure els colors freds i c\u00e0lids amb la roda de color Montessori, ens posem mans a l&#8217;obra tot convertint-nos ens petits artistes. La m\u00fasica de Vivaldi ens acompanya i ens inspira, alhora que gaudim i creem des de diferents perspectives.<\/p>\n<p>A continuaci\u00f3 trobareu l&#8217;enlla\u00e7 al v\u00eddeo d&#8217;aquesta activitat.<\/p>\n<p>https:\/\/photos.app.goo.gl\/fmpZuv6mKL45EjhF3<\/p>\n","protected":false},"excerpt":{"rendered":"<p>Els nens i nenes de P3 treballem els colors freds de l&#8217;hivern i ens expressem a trav\u00e9s de l&#8217;art. En aquesta ocasi\u00f3 despr\u00e9s de fer conversa a la rotllana i de veure els colors freds i c\u00e0lids amb la roda de color Montessori, ens posem&hellip;  <a href=\"https:\/\/agora.xtec.cat\/esc-teresabergada\/general\/les-diferents-perspectives-de-lart\/\" title=\"Read LES DIFERENTS PERSPECTIVES DE L&#8217;ART\">Llegeix m\u00e9s\u00bb<\/a><\/p>\n","protected":false},"author":1,"featured_media":0,"comment_status":"open","ping_status":"closed","sticky":false,"template":"","format":"standard","meta":{"_bbp_topic_count":0,"_bbp_reply_count":0,"_bbp_total_topic_count":0,"_bbp_total_reply_count":0,"_bbp_voice_count":0,"_bbp_anonymous_reply_count":0,"_bbp_topic_count_hidden":0,"_bbp_reply_count_hidden":0,"_bbp_forum_subforum_count":0,"footnotes":""},"categories":[348,1],"tags":[244,281,121,278,280,279],"class_list":["post-2270","post","type-post","status-publish","format-standard","hentry","category-1r","category-general","tag-art","tag-colors-freds","tag-educacio-infantil","tag-hivern","tag-pedagogia-montessori","tag-vivaldi"],"post_mailing_queue_ids":[],"_links":{"self":[{"href":"https:\/\/agora.xtec.cat\/esc-teresabergada\/wp-json\/wp\/v2\/posts\/2270","targetHints":{"allow":["GET"]}}],"collection":[{"href":"https:\/\/agora.xtec.cat\/esc-teresabergada\/wp-json\/wp\/v2\/posts"}],"about":[{"href":"https:\/\/agora.xtec.cat\/esc-teresabergada\/wp-json\/wp\/v2\/types\/post"}],"author":[{"embeddable":true,"href":"https:\/\/agora.xtec.cat\/esc-teresabergada\/wp-json\/wp\/v2\/users\/1"}],"replies":[{"embeddable":true,"href":"https:\/\/agora.xtec.cat\/esc-teresabergada\/wp-json\/wp\/v2\/comments?post=2270"}],"version-history":[{"count":3,"href":"https:\/\/agora.xtec.cat\/esc-teresabergada\/wp-json\/wp\/v2\/posts\/2270\/revisions"}],"predecessor-version":[{"id":2279,"href":"https:\/\/agora.xtec.cat\/esc-teresabergada\/wp-json\/wp\/v2\/posts\/2270\/revisions\/2279"}],"wp:attachment":[{"href":"https:\/\/agora.xtec.cat\/esc-teresabergada\/wp-json\/wp\/v2\/media?parent=2270"}],"wp:term":[{"taxonomy":"category","embeddable":true,"href":"https:\/\/agora.xtec.cat\/esc-teresabergada\/wp-json\/wp\/v2\/categories?post=2270"},{"taxonomy":"post_tag","embeddable":true,"href":"https:\/\/agora.xtec.cat\/esc-teresabergada\/wp-json\/wp\/v2\/tags?post=2270"}],"curies":[{"name":"wp","href":"https:\/\/api.w.org\/{rel}","templated":true}]}}