{"id":2241,"date":"2018-01-15T07:51:36","date_gmt":"2018-01-15T06:51:36","guid":{"rendered":"http:\/\/agora.xtec.cat\/esc-teresabergada\/?p=2241"},"modified":"2020-09-08T06:19:01","modified_gmt":"2020-09-08T04:19:01","slug":"agafem-be-el-llapis","status":"publish","type":"post","link":"https:\/\/agora.xtec.cat\/esc-teresabergada\/blocs-de-primaria\/2n\/agafem-be-el-llapis\/","title":{"rendered":"Agafem b\u00e9 el llapis"},"content":{"rendered":"<p style=\"text-align: justify;\">Benvolgudes fam\u00edlies!<\/p>\n<p style=\"text-align: justify;\">Aquest \u00e9s un article diferent a tots els que hem anat penjant fins ara; doncs \u00e9s un post dirigit especialment a vosaltres: les fam\u00edlies.<\/p>\n<p style=\"text-align: justify;\">Donat que s&#8217;ha detectat la necessitat de treballar amb els i les alumnes una correcta subjecci\u00f3 i postura del llapis en el moment d&#8217;escriure, hem pensat que era oport\u00fa fer-vos-ho extensiu i aix\u00ed treballar-ho conjuntament.<\/p>\n<p style=\"text-align: justify;\">Aix\u00ed doncs, si veieu que el vostre fill\/a encara no agafa el llapis correctament aqu\u00ed us deixem un petit v\u00eddeo que us facilitar\u00e0 diferents informacions i idees de com treballar-ho.<\/p>\n<div style=\"text-align: center; width: 800px; height: 450px;\"><iframe loading=\"lazy\" src=\"https:\/\/gallery.moovly.com\/embed\/664c9d92-b7c0-4fb9-ad35-7389e4108cf3\" width=\"800\" height=\"450\" frameborder=\"0\" allowfullscreen=\"allowfullscreen\"><\/iframe> <a href=\"https:\/\/gallery.moovly.com\/video\/664c9d92-b7c0-4fb9-ad35-7389e4108cf3\" target=\"_blank\" rel=\"noopener noreferrer\">Agafem b\u00e9 el lapis<\/a> &#8211; <a href=\"http:\/\/www.moovly.com\" target=\"_blank\" rel=\"noopener noreferrer\">Made with Moovly<\/a><\/div>\n<p>&nbsp;<\/p>\n<p>Si vosaltres sabeu alguna altra pr\u00e0ctica per facilitar que els infants agafin de forma id\u00f2nia el llapis, estem obertes a que ens la pugueu fer arribar.<\/p>\n<p>Moltes gr\u00e0cies,<\/p>\n<p>&nbsp;<\/p>\n<p style=\"text-align: right;\">Les tutores\u00a0de 1r<\/p>\n","protected":false},"excerpt":{"rendered":"<p>Benvolgudes fam\u00edlies!<br \/>\nAquest \u00e9s un article diferent a tots els que hem anat penjant fins ara; doncs \u00e9s un post dirigit especialment a vosaltres: les fam\u00edlies.<br \/>\nDonat que s&#8217;ha detectat la necessitat de treballar amb els i les alumnes una correcta subjecci\u00f3 i postura del llapis en&hellip;  <a href=\"https:\/\/agora.xtec.cat\/esc-teresabergada\/blocs-de-primaria\/2n\/agafem-be-el-llapis\/\" title=\"Read Agafem b\u00e9 el llapis\">Llegeix m\u00e9s\u00bb<\/a><\/p>\n","protected":false},"author":1,"featured_media":0,"comment_status":"open","ping_status":"closed","sticky":false,"template":"","format":"standard","meta":{"_bbp_topic_count":0,"_bbp_reply_count":0,"_bbp_total_topic_count":0,"_bbp_total_reply_count":0,"_bbp_voice_count":0,"_bbp_anonymous_reply_count":0,"_bbp_topic_count_hidden":0,"_bbp_reply_count_hidden":0,"_bbp_forum_subforum_count":0,"footnotes":""},"categories":[153],"tags":[277,273,193,180],"class_list":["post-2241","post","type-post","status-publish","format-standard","hentry","category-2n","tag-escriptura","tag-lectoescriptura","tag-primaria","tag-primer"],"post_mailing_queue_ids":[],"_links":{"self":[{"href":"https:\/\/agora.xtec.cat\/esc-teresabergada\/wp-json\/wp\/v2\/posts\/2241","targetHints":{"allow":["GET"]}}],"collection":[{"href":"https:\/\/agora.xtec.cat\/esc-teresabergada\/wp-json\/wp\/v2\/posts"}],"about":[{"href":"https:\/\/agora.xtec.cat\/esc-teresabergada\/wp-json\/wp\/v2\/types\/post"}],"author":[{"embeddable":true,"href":"https:\/\/agora.xtec.cat\/esc-teresabergada\/wp-json\/wp\/v2\/users\/1"}],"replies":[{"embeddable":true,"href":"https:\/\/agora.xtec.cat\/esc-teresabergada\/wp-json\/wp\/v2\/comments?post=2241"}],"version-history":[{"count":3,"href":"https:\/\/agora.xtec.cat\/esc-teresabergada\/wp-json\/wp\/v2\/posts\/2241\/revisions"}],"predecessor-version":[{"id":2246,"href":"https:\/\/agora.xtec.cat\/esc-teresabergada\/wp-json\/wp\/v2\/posts\/2241\/revisions\/2246"}],"wp:attachment":[{"href":"https:\/\/agora.xtec.cat\/esc-teresabergada\/wp-json\/wp\/v2\/media?parent=2241"}],"wp:term":[{"taxonomy":"category","embeddable":true,"href":"https:\/\/agora.xtec.cat\/esc-teresabergada\/wp-json\/wp\/v2\/categories?post=2241"},{"taxonomy":"post_tag","embeddable":true,"href":"https:\/\/agora.xtec.cat\/esc-teresabergada\/wp-json\/wp\/v2\/tags?post=2241"}],"curies":[{"name":"wp","href":"https:\/\/api.w.org\/{rel}","templated":true}]}}