{"id":2238,"date":"2018-01-12T22:08:20","date_gmt":"2018-01-12T21:08:20","guid":{"rendered":"http:\/\/agora.xtec.cat\/esc-teresabergada\/?p=2238"},"modified":"2020-09-08T06:18:32","modified_gmt":"2020-09-08T04:18:32","slug":"capsa-de-la-vida-de-la-henar","status":"publish","type":"post","link":"https:\/\/agora.xtec.cat\/esc-teresabergada\/infantil\/capsa-de-la-vida-de-la-henar\/","title":{"rendered":"Capsa de la vida de la Henar"},"content":{"rendered":"<p>Avui ha vingut la fam\u00edlia de la Henar a compartir els seus tresors m\u00e9s preuats.<\/p>\n<p>L\u00b4Ares ha fet d\u00b4amfitriona de la seva germana Henar i l\u00b4ha ajudat a explicar les coses que havia triat per formar part de la seva capsa:<\/p>\n<ul>\n<li>Una de les primeres sabatetes que la\u00a0 seva padrineta se\u00b4n va fer un clauer.<\/li>\n<li>El xumet i la seva cordeta de penjar ( que ja era de l\u00b4Ares).<\/li>\n<li>Un vestidet molt petit\u00f3 i una jaqueteta que era per anar &#8220;mudada a les firetes&#8221;.\u00a0 \u00a0 \u00a0 \u00a0 \u00a0 \u00a0 \u00a0 \u00a0 \u00a0 \u00a0 \u00a0 \u00a0 \u00a0 \u00a0 \u00a0 \u00a0 \u00a0 \u00a0 \u00a0 \u00a0 \u00a0 \u00a0 \u00a0 \u00a0 \u00a0 \u00a0 \u00a0 Un cop m\u00e9s hem vist qu\u00e8 grans ens hem fet amb el pas del temps i la il.lusi\u00f3 que ens fa a tots les cosetes de quan \u00e9rem petitons.<\/li>\n<\/ul>\n<p>Despr\u00e9s, ens han explicat un conte molt bonic que anava d\u00b4un cargol i el grill Cric cric.<\/p>\n<p>Els pares tamb\u00e9 ens han explicat els seus oficis: la Susana treballa al menjador i el pare de la Henar fent sucs. Per aix\u00f2 ens han portat taronges per a tot@s i n\u00b4hem pogut fer un tastet.<\/p>\n<p>Molt\u00edssimes gr\u00e0cies fam\u00edlia per a venir a fer-nos passar aquesta bona estona !<\/p>\n<p><a href=\"https:\/\/photos.app.goo.gl\/fvaD63m1AWqyOmL72\">Si cliqueu aqu\u00ed veureu un petit record d\u00b4imatges.<\/a><\/p>\n","protected":false},"excerpt":{"rendered":"<p>Avui ha vingut la fam\u00edlia de la Henar a compartir els seus tresors m\u00e9s preuats.<br \/>\nL\u00b4Ares ha fet d\u00b4amfitriona de la seva germana Henar i l\u00b4ha ajudat a explicar les coses que havia triat per formar part de la seva capsa:<\/p>\n<ul>\n<li>Una de les primeres sabatetes que&hellip;  <a href=\"https:\/\/agora.xtec.cat\/esc-teresabergada\/infantil\/capsa-de-la-vida-de-la-henar\/\" title=\"Read Capsa de la vida de la Henar\">Llegeix m\u00e9s\u00bb<\/a><br \/>\n","protected":false},"author":1,"featured_media":0,"comment_status":"open","ping_status":"closed","sticky":false,"template":"","format":"standard","meta":{"_bbp_topic_count":0,"_bbp_reply_count":0,"_bbp_total_topic_count":0,"_bbp_total_reply_count":0,"_bbp_voice_count":0,"_bbp_anonymous_reply_count":0,"_bbp_topic_count_hidden":0,"_bbp_reply_count_hidden":0,"_bbp_forum_subforum_count":0,"footnotes":""},"categories":[348,2],"tags":[121],"class_list":["post-2238","post","type-post","status-publish","format-standard","hentry","category-1r","category-infantil","tag-educacio-infantil"],"post_mailing_queue_ids":[],"_links":{"self":[{"href":"https:\/\/agora.xtec.cat\/esc-teresabergada\/wp-json\/wp\/v2\/posts\/2238","targetHints":{"allow":["GET"]}}],"collection":[{"href":"https:\/\/agora.xtec.cat\/esc-teresabergada\/wp-json\/wp\/v2\/posts"}],"about":[{"href":"https:\/\/agora.xtec.cat\/esc-teresabergada\/wp-json\/wp\/v2\/types\/post"}],"author":[{"embeddable":true,"href":"https:\/\/agora.xtec.cat\/esc-teresabergada\/wp-json\/wp\/v2\/users\/1"}],"replies":[{"embeddable":true,"href":"https:\/\/agora.xtec.cat\/esc-teresabergada\/wp-json\/wp\/v2\/comments?post=2238"}],"version-history":[{"count":1,"href":"https:\/\/agora.xtec.cat\/esc-teresabergada\/wp-json\/wp\/v2\/posts\/2238\/revisions"}],"predecessor-version":[{"id":2240,"href":"https:\/\/agora.xtec.cat\/esc-teresabergada\/wp-json\/wp\/v2\/posts\/2238\/revisions\/2240"}],"wp:attachment":[{"href":"https:\/\/agora.xtec.cat\/esc-teresabergada\/wp-json\/wp\/v2\/media?parent=2238"}],"wp:term":[{"taxonomy":"category","embeddable":true,"href":"https:\/\/agora.xtec.cat\/esc-teresabergada\/wp-json\/wp\/v2\/categories?post=2238"},{"taxonomy":"post_tag","embeddable":true,"href":"https:\/\/agora.xtec.cat\/esc-teresabergada\/wp-json\/wp\/v2\/tags?post=2238"}],"curies":[{"name":"wp","href":"https:\/\/api.w.org\/{rel}","templated":true}]}}