{"id":2212,"date":"2017-11-10T12:14:27","date_gmt":"2017-11-10T11:14:27","guid":{"rendered":"http:\/\/agora.xtec.cat\/esc-teresabergada\/?p=2212"},"modified":"2020-09-08T06:11:31","modified_gmt":"2020-09-08T04:11:31","slug":"la-festa-de-la-castanyada","status":"publish","type":"post","link":"https:\/\/agora.xtec.cat\/esc-teresabergada\/portada\/la-festa-de-la-castanyada\/","title":{"rendered":"La festa de la Castanyada"},"content":{"rendered":"<p>Com cada curs, el dia 31 d&#8217;octubre per la tarda les i els alumnes de la nostra escola ofereixen a les fam\u00edlies una mostra de danses tradicionals.<\/p>\n<p>Esperem que gaudiu de les fotografies, les quals us permetran\u00a0recordar la bona tarda que vam passar fam\u00edlies, alumnes i mestres tots plegats.<\/p>\n<p><a href=\"https:\/\/photos.app.goo.gl\/jbyFhDbKEyUnuv6r1\" target=\"_blank\" rel=\"noopener noreferrer\"><img loading=\"lazy\" decoding=\"async\" class=\"aligncenter wp-image-2213 size-full\" src=\"http:\/\/agora.xtec.cat\/esc-teresabergada\/wp-content\/uploads\/usu1533\/2017\/12\/castanyera.png\" alt=\"\" width=\"450\" height=\"331\" srcset=\"https:\/\/agora.xtec.cat\/esc-teresabergada\/wp-content\/uploads\/usu1533\/2017\/12\/castanyera.png 450w, https:\/\/agora.xtec.cat\/esc-teresabergada\/wp-content\/uploads\/usu1533\/2017\/12\/castanyera-300x221.png 300w\" sizes=\"auto, (max-width: 450px) 100vw, 450px\" \/><\/a><\/p>\n<p>&nbsp;<\/p>\n<p>Ah!!!! I no oblideu de fer clic als seg\u00fcents enlla\u00e7os! Hi podreu veure el v\u00eddeos de les danses.<\/p>\n<p>&nbsp;<\/p>\n<p><a href=\"https:\/\/drive.google.com\/file\/d\/1FnYMFtwVPfw6twIfRWHbd5jdkKRFFLAb\/view?usp=sharing\" target=\"_blank\" rel=\"noopener noreferrer\">Dansa Educaci\u00f3n Infantil<\/a><\/p>\n<p><a href=\"https:\/\/drive.google.com\/file\/d\/11GA3RPLhNPuSltsykpTN5G819rHeA8GA\/view?usp=sharing\" target=\"_blank\" rel=\"noopener noreferrer\">Dansa 1r<\/a><\/p>\n<p><a href=\"https:\/\/drive.google.com\/file\/d\/1opinq1gNWujPQeD5ogBLg8s6b8SbhbMd\/view?usp=sharing\" target=\"_blank\" rel=\"noopener noreferrer\">Dansa 2n<\/a><\/p>\n<p><a href=\"https:\/\/drive.google.com\/file\/d\/1ixBMvBhlqfeAAd1XScGIKbLFSqHpWbex\/view?usp=sharing\" target=\"_blank\" rel=\"noopener noreferrer\">Dansa 3r<\/a><\/p>\n<p>&nbsp;<\/p>\n<p>&nbsp;<\/p>\n","protected":false},"excerpt":{"rendered":"<p>Com cada curs, el dia 31 d&#8217;octubre per la tarda les i els alumnes de la nostra escola ofereixen a les fam\u00edlies una mostra de danses tradicionals.<br \/>\nEsperem que gaudiu de les fotografies, les quals us permetran\u00a0recordar la bona tarda que vam passar fam\u00edlies, alumnes i&hellip;  <a href=\"https:\/\/agora.xtec.cat\/esc-teresabergada\/portada\/la-festa-de-la-castanyada\/\" title=\"Read La festa de la Castanyada\">Llegeix m\u00e9s\u00bb<\/a><\/p>\n","protected":false},"author":1,"featured_media":2214,"comment_status":"open","ping_status":"closed","sticky":false,"template":"","format":"standard","meta":{"_bbp_topic_count":0,"_bbp_reply_count":0,"_bbp_total_topic_count":0,"_bbp_total_reply_count":0,"_bbp_voice_count":0,"_bbp_anonymous_reply_count":0,"_bbp_topic_count_hidden":0,"_bbp_reply_count_hidden":0,"_bbp_forum_subforum_count":0,"footnotes":""},"categories":[4],"tags":[58,57],"class_list":["post-2212","post","type-post","status-publish","format-standard","has-post-thumbnail","hentry","category-portada","tag-castanyada","tag-danses"],"post_mailing_queue_ids":[],"_links":{"self":[{"href":"https:\/\/agora.xtec.cat\/esc-teresabergada\/wp-json\/wp\/v2\/posts\/2212","targetHints":{"allow":["GET"]}}],"collection":[{"href":"https:\/\/agora.xtec.cat\/esc-teresabergada\/wp-json\/wp\/v2\/posts"}],"about":[{"href":"https:\/\/agora.xtec.cat\/esc-teresabergada\/wp-json\/wp\/v2\/types\/post"}],"author":[{"embeddable":true,"href":"https:\/\/agora.xtec.cat\/esc-teresabergada\/wp-json\/wp\/v2\/users\/1"}],"replies":[{"embeddable":true,"href":"https:\/\/agora.xtec.cat\/esc-teresabergada\/wp-json\/wp\/v2\/comments?post=2212"}],"version-history":[{"count":3,"href":"https:\/\/agora.xtec.cat\/esc-teresabergada\/wp-json\/wp\/v2\/posts\/2212\/revisions"}],"predecessor-version":[{"id":7525,"href":"https:\/\/agora.xtec.cat\/esc-teresabergada\/wp-json\/wp\/v2\/posts\/2212\/revisions\/7525"}],"wp:featuredmedia":[{"embeddable":true,"href":"https:\/\/agora.xtec.cat\/esc-teresabergada\/wp-json\/wp\/v2\/media\/2214"}],"wp:attachment":[{"href":"https:\/\/agora.xtec.cat\/esc-teresabergada\/wp-json\/wp\/v2\/media?parent=2212"}],"wp:term":[{"taxonomy":"category","embeddable":true,"href":"https:\/\/agora.xtec.cat\/esc-teresabergada\/wp-json\/wp\/v2\/categories?post=2212"},{"taxonomy":"post_tag","embeddable":true,"href":"https:\/\/agora.xtec.cat\/esc-teresabergada\/wp-json\/wp\/v2\/tags?post=2212"}],"curies":[{"name":"wp","href":"https:\/\/api.w.org\/{rel}","templated":true}]}}