{"id":2192,"date":"2017-12-21T23:16:24","date_gmt":"2017-12-21T22:16:24","guid":{"rendered":"http:\/\/agora.xtec.cat\/esc-teresabergada\/?p=2192"},"modified":"2020-09-08T06:18:10","modified_gmt":"2020-09-08T04:18:10","slug":"ens-visita-el-camarlenc","status":"publish","type":"post","link":"https:\/\/agora.xtec.cat\/esc-teresabergada\/blocs-de-primaria\/1r\/ens-visita-el-camarlenc\/","title":{"rendered":"Ens visita el Camarlenc !!!"},"content":{"rendered":"<p>El dilluns 18 de desembre v\u00e0rem tenir una visita especial a l\u00b4escola.<\/p>\n<p>El Camarlenc va venir a recollir les nostres cartes i va preguntar-nos com est\u00e0vem, com ens hav\u00edem portat, on vol\u00edem que ens portessin els regals si al casal o a casa, qu\u00e8 deman\u00e0vem als reis&#8230;<\/p>\n<p>Fins i tot ens va donar uns caramels bon\u00edssimsssss!<\/p>\n<p><a href=\"https:\/\/photos.app.goo.gl\/HGh7v2ywKCKtfJTA2\">Aqu\u00ed teniu un recull fotogr\u00e0fic !<\/a><\/p>\n","protected":false},"excerpt":{"rendered":"<p>El dilluns 18 de desembre v\u00e0rem tenir una visita especial a l\u00b4escola.<br \/>\nEl Camarlenc va venir a recollir les nostres cartes i va preguntar-nos com est\u00e0vem, com ens hav\u00edem portat, on vol\u00edem que ens portessin els regals si al casal o a casa, qu\u00e8 deman\u00e0vem als&hellip;  <a href=\"https:\/\/agora.xtec.cat\/esc-teresabergada\/blocs-de-primaria\/1r\/ens-visita-el-camarlenc\/\" title=\"Read Ens visita el Camarlenc !!!\">Llegeix m\u00e9s\u00bb<\/a><\/p>\n","protected":false},"author":1,"featured_media":0,"comment_status":"open","ping_status":"closed","sticky":false,"template":"","format":"standard","meta":{"_bbp_topic_count":0,"_bbp_reply_count":0,"_bbp_total_topic_count":0,"_bbp_total_reply_count":0,"_bbp_voice_count":0,"_bbp_anonymous_reply_count":0,"_bbp_topic_count_hidden":0,"_bbp_reply_count_hidden":0,"_bbp_forum_subforum_count":0,"footnotes":""},"categories":[348],"tags":[121],"class_list":["post-2192","post","type-post","status-publish","format-standard","hentry","category-1r","tag-educacio-infantil"],"post_mailing_queue_ids":[],"_links":{"self":[{"href":"https:\/\/agora.xtec.cat\/esc-teresabergada\/wp-json\/wp\/v2\/posts\/2192","targetHints":{"allow":["GET"]}}],"collection":[{"href":"https:\/\/agora.xtec.cat\/esc-teresabergada\/wp-json\/wp\/v2\/posts"}],"about":[{"href":"https:\/\/agora.xtec.cat\/esc-teresabergada\/wp-json\/wp\/v2\/types\/post"}],"author":[{"embeddable":true,"href":"https:\/\/agora.xtec.cat\/esc-teresabergada\/wp-json\/wp\/v2\/users\/1"}],"replies":[{"embeddable":true,"href":"https:\/\/agora.xtec.cat\/esc-teresabergada\/wp-json\/wp\/v2\/comments?post=2192"}],"version-history":[{"count":1,"href":"https:\/\/agora.xtec.cat\/esc-teresabergada\/wp-json\/wp\/v2\/posts\/2192\/revisions"}],"predecessor-version":[{"id":2193,"href":"https:\/\/agora.xtec.cat\/esc-teresabergada\/wp-json\/wp\/v2\/posts\/2192\/revisions\/2193"}],"wp:attachment":[{"href":"https:\/\/agora.xtec.cat\/esc-teresabergada\/wp-json\/wp\/v2\/media?parent=2192"}],"wp:term":[{"taxonomy":"category","embeddable":true,"href":"https:\/\/agora.xtec.cat\/esc-teresabergada\/wp-json\/wp\/v2\/categories?post=2192"},{"taxonomy":"post_tag","embeddable":true,"href":"https:\/\/agora.xtec.cat\/esc-teresabergada\/wp-json\/wp\/v2\/tags?post=2192"}],"curies":[{"name":"wp","href":"https:\/\/api.w.org\/{rel}","templated":true}]}}