{"id":2161,"date":"2017-12-04T18:33:05","date_gmt":"2017-12-04T17:33:05","guid":{"rendered":"http:\/\/agora.xtec.cat\/esc-teresabergada\/?p=2161"},"modified":"2020-09-08T06:13:53","modified_gmt":"2020-09-08T04:13:53","slug":"la-capsa-de-laneu","status":"publish","type":"post","link":"https:\/\/agora.xtec.cat\/esc-teresabergada\/infantil\/la-capsa-de-laneu\/","title":{"rendered":"La capsa de l&#8217;\u00c0neu."},"content":{"rendered":"<p>Avui a l&#8217;escola ha vingut el Jordi, el pare de l&#8217;\u00c0neu, a explicar-nos la seva capsa de la vida. L&#8217;\u00c0neu ha estat molt contenta de poder compartir amb els seus companys els seus petits tresors: un \u00e0lbum molt interessant, la\u00a0 Sofia (una nina molt estimada) i un sonall molt divertit.<\/p>\n<p>Junts hem passat una estona molt agradable.<\/p>\n<p>Ho heu fet molt be!!<\/p>\n<p><a href=\"http:\/\/agora.xtec.cat\/esc-teresabergada\/wp-content\/uploads\/usu1533\/2017\/12\/aneu-pare.jpg\"><img loading=\"lazy\" decoding=\"async\" class=\"alignnone wp-image-2163\" src=\"http:\/\/agora.xtec.cat\/esc-teresabergada\/wp-content\/uploads\/usu1533\/2017\/12\/aneu-pare.jpg\" alt=\"\" width=\"242\" height=\"216\" \/><\/a><\/p>\n<p><a href=\"https:\/\/photos.app.goo.gl\/UxzH2qCPjFOYsxwK2\">Aqu\u00ed us deixem un recull de fotos per al vostre record.<\/a><\/p>\n","protected":false},"excerpt":{"rendered":"<p>Avui a l&#8217;escola ha vingut el Jordi, el pare de l&#8217;\u00c0neu, a explicar-nos la seva capsa de la vida. L&#8217;\u00c0neu ha estat molt contenta de poder compartir amb els seus companys els seus petits tresors: un \u00e0lbum molt interessant, la\u00a0 Sofia (una nina molt estimada)&hellip;  <a href=\"https:\/\/agora.xtec.cat\/esc-teresabergada\/infantil\/la-capsa-de-laneu\/\" title=\"Read La capsa de l&#8217;\u00c0neu.\">Llegeix m\u00e9s\u00bb<\/a><\/p>\n","protected":false},"author":1,"featured_media":0,"comment_status":"open","ping_status":"closed","sticky":false,"template":"","format":"standard","meta":{"_bbp_topic_count":0,"_bbp_reply_count":0,"_bbp_total_topic_count":0,"_bbp_total_reply_count":0,"_bbp_voice_count":0,"_bbp_anonymous_reply_count":0,"_bbp_topic_count_hidden":0,"_bbp_reply_count_hidden":0,"_bbp_forum_subforum_count":0,"footnotes":""},"categories":[348,2],"tags":[],"class_list":["post-2161","post","type-post","status-publish","format-standard","hentry","category-1r","category-infantil"],"post_mailing_queue_ids":[],"_links":{"self":[{"href":"https:\/\/agora.xtec.cat\/esc-teresabergada\/wp-json\/wp\/v2\/posts\/2161","targetHints":{"allow":["GET"]}}],"collection":[{"href":"https:\/\/agora.xtec.cat\/esc-teresabergada\/wp-json\/wp\/v2\/posts"}],"about":[{"href":"https:\/\/agora.xtec.cat\/esc-teresabergada\/wp-json\/wp\/v2\/types\/post"}],"author":[{"embeddable":true,"href":"https:\/\/agora.xtec.cat\/esc-teresabergada\/wp-json\/wp\/v2\/users\/1"}],"replies":[{"embeddable":true,"href":"https:\/\/agora.xtec.cat\/esc-teresabergada\/wp-json\/wp\/v2\/comments?post=2161"}],"version-history":[{"count":1,"href":"https:\/\/agora.xtec.cat\/esc-teresabergada\/wp-json\/wp\/v2\/posts\/2161\/revisions"}],"predecessor-version":[{"id":2164,"href":"https:\/\/agora.xtec.cat\/esc-teresabergada\/wp-json\/wp\/v2\/posts\/2161\/revisions\/2164"}],"wp:attachment":[{"href":"https:\/\/agora.xtec.cat\/esc-teresabergada\/wp-json\/wp\/v2\/media?parent=2161"}],"wp:term":[{"taxonomy":"category","embeddable":true,"href":"https:\/\/agora.xtec.cat\/esc-teresabergada\/wp-json\/wp\/v2\/categories?post=2161"},{"taxonomy":"post_tag","embeddable":true,"href":"https:\/\/agora.xtec.cat\/esc-teresabergada\/wp-json\/wp\/v2\/tags?post=2161"}],"curies":[{"name":"wp","href":"https:\/\/api.w.org\/{rel}","templated":true}]}}