{"id":2157,"date":"2017-12-03T18:58:45","date_gmt":"2017-12-03T17:58:45","guid":{"rendered":"http:\/\/agora.xtec.cat\/esc-teresabergada\/?p=2157"},"modified":"2020-09-08T06:13:46","modified_gmt":"2020-09-08T04:13:46","slug":"la-capsa-de-la-vida-de-la-julia","status":"publish","type":"post","link":"https:\/\/agora.xtec.cat\/esc-teresabergada\/general\/la-capsa-de-la-vida-de-la-julia\/","title":{"rendered":"La capsa de la vida de la J\u00falia"},"content":{"rendered":"<p>La fam\u00edlia de la J\u00falia ha vingut a\u00a0compartir la seva capsa de la vida. Ens han ensenyat els seus tresors: entre ells una mini que canta i balla, que per cert ha triomfat&#8230;., tamb\u00e9 hi havia un \u00e0lbum molt emotiu amb fotos significatives de la vida de la J\u00falia i dos contes: el dels tres\u00a0 porquets i un d\u00b4animalets.<\/p>\n<p>Quina estona m\u00e9s bonica hem passat plegats!<\/p>\n<p>Gr\u00e0cies fam\u00edlia!<\/p>\n<p><a href=\"https:\/\/photos.app.goo.gl\/D0ADBjqI0QSBGdAB2\">Aqu\u00ed teniu un petit recull de fotos.<\/a><\/p>\n","protected":false},"excerpt":{"rendered":"<p>La fam\u00edlia de la J\u00falia ha vingut a\u00a0compartir la seva capsa de la vida. Ens han ensenyat els seus tresors: entre ells una mini que canta i balla, que per cert ha triomfat&#8230;., tamb\u00e9 hi havia un \u00e0lbum molt emotiu amb fotos significatives de la&hellip;  <a href=\"https:\/\/agora.xtec.cat\/esc-teresabergada\/general\/la-capsa-de-la-vida-de-la-julia\/\" title=\"Read La capsa de la vida de la J\u00falia\">Llegeix m\u00e9s\u00bb<\/a><\/p>\n","protected":false},"author":1,"featured_media":0,"comment_status":"open","ping_status":"closed","sticky":false,"template":"","format":"standard","meta":{"_bbp_topic_count":0,"_bbp_reply_count":0,"_bbp_total_topic_count":0,"_bbp_total_reply_count":0,"_bbp_voice_count":0,"_bbp_anonymous_reply_count":0,"_bbp_topic_count_hidden":0,"_bbp_reply_count_hidden":0,"_bbp_forum_subforum_count":0,"footnotes":""},"categories":[348,1],"tags":[121],"class_list":["post-2157","post","type-post","status-publish","format-standard","hentry","category-1r","category-general","tag-educacio-infantil"],"post_mailing_queue_ids":[],"_links":{"self":[{"href":"https:\/\/agora.xtec.cat\/esc-teresabergada\/wp-json\/wp\/v2\/posts\/2157","targetHints":{"allow":["GET"]}}],"collection":[{"href":"https:\/\/agora.xtec.cat\/esc-teresabergada\/wp-json\/wp\/v2\/posts"}],"about":[{"href":"https:\/\/agora.xtec.cat\/esc-teresabergada\/wp-json\/wp\/v2\/types\/post"}],"author":[{"embeddable":true,"href":"https:\/\/agora.xtec.cat\/esc-teresabergada\/wp-json\/wp\/v2\/users\/1"}],"replies":[{"embeddable":true,"href":"https:\/\/agora.xtec.cat\/esc-teresabergada\/wp-json\/wp\/v2\/comments?post=2157"}],"version-history":[{"count":2,"href":"https:\/\/agora.xtec.cat\/esc-teresabergada\/wp-json\/wp\/v2\/posts\/2157\/revisions"}],"predecessor-version":[{"id":2160,"href":"https:\/\/agora.xtec.cat\/esc-teresabergada\/wp-json\/wp\/v2\/posts\/2157\/revisions\/2160"}],"wp:attachment":[{"href":"https:\/\/agora.xtec.cat\/esc-teresabergada\/wp-json\/wp\/v2\/media?parent=2157"}],"wp:term":[{"taxonomy":"category","embeddable":true,"href":"https:\/\/agora.xtec.cat\/esc-teresabergada\/wp-json\/wp\/v2\/categories?post=2157"},{"taxonomy":"post_tag","embeddable":true,"href":"https:\/\/agora.xtec.cat\/esc-teresabergada\/wp-json\/wp\/v2\/tags?post=2157"}],"curies":[{"name":"wp","href":"https:\/\/api.w.org\/{rel}","templated":true}]}}