{"id":2148,"date":"2017-12-03T18:46:14","date_gmt":"2017-12-03T17:46:14","guid":{"rendered":"http:\/\/agora.xtec.cat\/esc-teresabergada\/?p=2148"},"modified":"2020-09-08T06:13:39","modified_gmt":"2020-09-08T04:13:39","slug":"la-capsa-de-la-vida-del-mantas","status":"publish","type":"post","link":"https:\/\/agora.xtec.cat\/esc-teresabergada\/general\/la-capsa-de-la-vida-del-mantas\/","title":{"rendered":"La capsa de la vida del Mantas"},"content":{"rendered":"<p>La mare del Mantas i la seva padrina ens han vingut a explicar la seva capsa de la vida. El Mantas estava molt content i ha compartit els seus\u00a0 tresors: una foto amb la mare i els padrins de bateig el dia del seu bateig, el seu peluix preferit i un body molt petit\u00f3!<\/p>\n<p>Despr\u00e9s ens han dit unes quantes coses amb litu\u00e0: bon dia, bona tarda&#8230; fins i tot ens han cantat una can\u00e7\u00f3 de falda.<\/p>\n<p>Moltes gr\u00e0cies fam\u00edlia per venir!<\/p>\n<p>Si cliqueu aqu\u00ed\u00a0veureu un recull fotogr\u00e0fic.<\/p>\n","protected":false},"excerpt":{"rendered":"<p>La mare del Mantas i la seva padrina ens han vingut a explicar la seva capsa de la vida. El Mantas estava molt content i ha compartit els seus\u00a0 tresors: una foto amb la mare i els padrins de bateig el dia del seu bateig,&hellip;  <a href=\"https:\/\/agora.xtec.cat\/esc-teresabergada\/general\/la-capsa-de-la-vida-del-mantas\/\" title=\"Read La capsa de la vida del Mantas\">Llegeix m\u00e9s\u00bb<\/a><\/p>\n","protected":false},"author":1,"featured_media":0,"comment_status":"open","ping_status":"closed","sticky":false,"template":"","format":"standard","meta":{"_bbp_topic_count":0,"_bbp_reply_count":0,"_bbp_total_topic_count":0,"_bbp_total_reply_count":0,"_bbp_voice_count":0,"_bbp_anonymous_reply_count":0,"_bbp_topic_count_hidden":0,"_bbp_reply_count_hidden":0,"_bbp_forum_subforum_count":0,"footnotes":""},"categories":[348,1],"tags":[],"class_list":["post-2148","post","type-post","status-publish","format-standard","hentry","category-1r","category-general"],"post_mailing_queue_ids":[],"_links":{"self":[{"href":"https:\/\/agora.xtec.cat\/esc-teresabergada\/wp-json\/wp\/v2\/posts\/2148","targetHints":{"allow":["GET"]}}],"collection":[{"href":"https:\/\/agora.xtec.cat\/esc-teresabergada\/wp-json\/wp\/v2\/posts"}],"about":[{"href":"https:\/\/agora.xtec.cat\/esc-teresabergada\/wp-json\/wp\/v2\/types\/post"}],"author":[{"embeddable":true,"href":"https:\/\/agora.xtec.cat\/esc-teresabergada\/wp-json\/wp\/v2\/users\/1"}],"replies":[{"embeddable":true,"href":"https:\/\/agora.xtec.cat\/esc-teresabergada\/wp-json\/wp\/v2\/comments?post=2148"}],"version-history":[{"count":3,"href":"https:\/\/agora.xtec.cat\/esc-teresabergada\/wp-json\/wp\/v2\/posts\/2148\/revisions"}],"predecessor-version":[{"id":2156,"href":"https:\/\/agora.xtec.cat\/esc-teresabergada\/wp-json\/wp\/v2\/posts\/2148\/revisions\/2156"}],"wp:attachment":[{"href":"https:\/\/agora.xtec.cat\/esc-teresabergada\/wp-json\/wp\/v2\/media?parent=2148"}],"wp:term":[{"taxonomy":"category","embeddable":true,"href":"https:\/\/agora.xtec.cat\/esc-teresabergada\/wp-json\/wp\/v2\/categories?post=2148"},{"taxonomy":"post_tag","embeddable":true,"href":"https:\/\/agora.xtec.cat\/esc-teresabergada\/wp-json\/wp\/v2\/tags?post=2148"}],"curies":[{"name":"wp","href":"https:\/\/api.w.org\/{rel}","templated":true}]}}