{"id":2144,"date":"2017-12-03T16:38:56","date_gmt":"2017-12-03T15:38:56","guid":{"rendered":"http:\/\/agora.xtec.cat\/esc-teresabergada\/?p=2144"},"modified":"2020-09-08T06:13:28","modified_gmt":"2020-09-08T04:13:28","slug":"el-timo-del-jordi","status":"publish","type":"post","link":"https:\/\/agora.xtec.cat\/esc-teresabergada\/infantil\/el-timo-del-jordi\/","title":{"rendered":"El tim\u00f3 del Jordi"},"content":{"rendered":"<p>Ja fa dies que a l&#8217;escola treballem amb les plantes remeieres o arom\u00e0tiques, hem apr\u00e8s moltes coses&#8230; fins i tot hem apr\u00e8s a escriure el seu nom. Al Jordi li agrada escriure&#8230;TIM\u00d3&#8230;<\/p>\n<p>Avui la Montse, ens ha portat molt\u00edssima informaci\u00f3 del Tim\u00f3, i ens ha explicat que es pot posar als caragols, al pollastre&#8230;fins i tot el podem posar a l&#8217;oli. Tamb\u00e9 n&#8217;hem plantat, i ara ens els podrem endur cap a casa per a cuidar-lo i fer-lo fer gran.<\/p>\n<p>Montse ets una Crak!!! Torna quan vulguis.<\/p>\n<p><a href=\"http:\/\/agora.xtec.cat\/esc-teresabergada\/wp-content\/uploads\/usu1533\/2017\/12\/timo.jpg\"><img loading=\"lazy\" decoding=\"async\" class=\"alignnone wp-image-2145\" src=\"http:\/\/agora.xtec.cat\/esc-teresabergada\/wp-content\/uploads\/usu1533\/2017\/12\/timo.jpg\" alt=\"\" width=\"245\" height=\"184\" \/><\/a><\/p>\n<p>&nbsp;<\/p>\n<p><a href=\"https:\/\/photos.app.goo.gl\/uNHD7Z7n20JbEaE83\">Aqu\u00ed podreu fer un tastet de les experi\u00e8ncies viscudes.<\/a><\/p>\n<p>&nbsp;<\/p>\n","protected":false},"excerpt":{"rendered":"<p>Ja fa dies que a l&#8217;escola treballem amb les plantes remeieres o arom\u00e0tiques, hem apr\u00e8s moltes coses&#8230; fins i tot hem apr\u00e8s a escriure el seu nom. Al Jordi li agrada escriure&#8230;TIM\u00d3&#8230;<br \/>\nAvui la Montse, ens ha portat molt\u00edssima informaci\u00f3 del Tim\u00f3, i ens ha explicat&hellip;  <a href=\"https:\/\/agora.xtec.cat\/esc-teresabergada\/infantil\/el-timo-del-jordi\/\" title=\"Read El tim\u00f3 del Jordi\">Llegeix m\u00e9s\u00bb<\/a><\/p>\n","protected":false},"author":1,"featured_media":0,"comment_status":"open","ping_status":"closed","sticky":false,"template":"","format":"standard","meta":{"_bbp_topic_count":0,"_bbp_reply_count":0,"_bbp_total_topic_count":0,"_bbp_total_reply_count":0,"_bbp_voice_count":0,"_bbp_anonymous_reply_count":0,"_bbp_topic_count_hidden":0,"_bbp_reply_count_hidden":0,"_bbp_forum_subforum_count":0,"footnotes":""},"categories":[348,2],"tags":[],"class_list":["post-2144","post","type-post","status-publish","format-standard","hentry","category-1r","category-infantil"],"post_mailing_queue_ids":[],"_links":{"self":[{"href":"https:\/\/agora.xtec.cat\/esc-teresabergada\/wp-json\/wp\/v2\/posts\/2144","targetHints":{"allow":["GET"]}}],"collection":[{"href":"https:\/\/agora.xtec.cat\/esc-teresabergada\/wp-json\/wp\/v2\/posts"}],"about":[{"href":"https:\/\/agora.xtec.cat\/esc-teresabergada\/wp-json\/wp\/v2\/types\/post"}],"author":[{"embeddable":true,"href":"https:\/\/agora.xtec.cat\/esc-teresabergada\/wp-json\/wp\/v2\/users\/1"}],"replies":[{"embeddable":true,"href":"https:\/\/agora.xtec.cat\/esc-teresabergada\/wp-json\/wp\/v2\/comments?post=2144"}],"version-history":[{"count":1,"href":"https:\/\/agora.xtec.cat\/esc-teresabergada\/wp-json\/wp\/v2\/posts\/2144\/revisions"}],"predecessor-version":[{"id":2146,"href":"https:\/\/agora.xtec.cat\/esc-teresabergada\/wp-json\/wp\/v2\/posts\/2144\/revisions\/2146"}],"wp:attachment":[{"href":"https:\/\/agora.xtec.cat\/esc-teresabergada\/wp-json\/wp\/v2\/media?parent=2144"}],"wp:term":[{"taxonomy":"category","embeddable":true,"href":"https:\/\/agora.xtec.cat\/esc-teresabergada\/wp-json\/wp\/v2\/categories?post=2144"},{"taxonomy":"post_tag","embeddable":true,"href":"https:\/\/agora.xtec.cat\/esc-teresabergada\/wp-json\/wp\/v2\/tags?post=2144"}],"curies":[{"name":"wp","href":"https:\/\/api.w.org\/{rel}","templated":true}]}}