{"id":2137,"date":"2017-12-03T16:20:05","date_gmt":"2017-12-03T15:20:05","guid":{"rendered":"http:\/\/agora.xtec.cat\/esc-teresabergada\/?p=2137"},"modified":"2020-09-08T06:13:16","modified_gmt":"2020-09-08T04:13:16","slug":"la-capsa-de-la-mar","status":"publish","type":"post","link":"https:\/\/agora.xtec.cat\/esc-teresabergada\/infantil\/la-capsa-de-la-mar\/","title":{"rendered":"La capsa de la Mar."},"content":{"rendered":"<p>Avui hem tingut una visita molt especial per la Mar. Els pare, la mare i l&#8217;Abril han vingut a l&#8217;escola a presentar-nos la seva capsa de la vida. L&#8217;havien preparat molt.. de dins han sortit globus, records, nines&#8230;.. Ens ha agradat molt passar una estona plegats.<\/p>\n<p>Al final la Mar s&#8217;ha posat una mica trista al veure que els seus pares i la seva germaneta marxaven, per\u00f2 amb l&#8217;ajut de la capsa que ens han deixat, i l&#8217;estima dels seus companys, aviat se li ha passat.<\/p>\n<p>Molt\u00edssimes gr\u00e0cies fam\u00edlia.<\/p>\n<p><a href=\"https:\/\/photos.app.goo.gl\/bMXOeUQFrqrBLRIf1\">Aqu\u00ed us deixem el recull de fotos que vam fer.<\/a><\/p>\n<p><a href=\"http:\/\/agora.xtec.cat\/esc-teresabergada\/wp-content\/uploads\/usu1533\/2017\/12\/mar1.jpg\"><img loading=\"lazy\" decoding=\"async\" class=\"alignnone wp-image-2138\" src=\"http:\/\/agora.xtec.cat\/esc-teresabergada\/wp-content\/uploads\/usu1533\/2017\/12\/mar1.jpg\" alt=\"\" width=\"240\" height=\"180\" \/><\/a><\/p>\n","protected":false},"excerpt":{"rendered":"<p>Avui hem tingut una visita molt especial per la Mar. Els pare, la mare i l&#8217;Abril han vingut a l&#8217;escola a presentar-nos la seva capsa de la vida. L&#8217;havien preparat molt.. de dins han sortit globus, records, nines&#8230;.. Ens ha agradat molt passar una estona&hellip;  <a href=\"https:\/\/agora.xtec.cat\/esc-teresabergada\/infantil\/la-capsa-de-la-mar\/\" title=\"Read La capsa de la Mar.\">Llegeix m\u00e9s\u00bb<\/a><\/p>\n","protected":false},"author":1,"featured_media":0,"comment_status":"open","ping_status":"closed","sticky":false,"template":"","format":"standard","meta":{"_bbp_topic_count":0,"_bbp_reply_count":0,"_bbp_total_topic_count":0,"_bbp_total_reply_count":0,"_bbp_voice_count":0,"_bbp_anonymous_reply_count":0,"_bbp_topic_count_hidden":0,"_bbp_reply_count_hidden":0,"_bbp_forum_subforum_count":0,"footnotes":""},"categories":[348,2],"tags":[],"class_list":["post-2137","post","type-post","status-publish","format-standard","hentry","category-1r","category-infantil"],"post_mailing_queue_ids":[],"_links":{"self":[{"href":"https:\/\/agora.xtec.cat\/esc-teresabergada\/wp-json\/wp\/v2\/posts\/2137","targetHints":{"allow":["GET"]}}],"collection":[{"href":"https:\/\/agora.xtec.cat\/esc-teresabergada\/wp-json\/wp\/v2\/posts"}],"about":[{"href":"https:\/\/agora.xtec.cat\/esc-teresabergada\/wp-json\/wp\/v2\/types\/post"}],"author":[{"embeddable":true,"href":"https:\/\/agora.xtec.cat\/esc-teresabergada\/wp-json\/wp\/v2\/users\/1"}],"replies":[{"embeddable":true,"href":"https:\/\/agora.xtec.cat\/esc-teresabergada\/wp-json\/wp\/v2\/comments?post=2137"}],"version-history":[{"count":1,"href":"https:\/\/agora.xtec.cat\/esc-teresabergada\/wp-json\/wp\/v2\/posts\/2137\/revisions"}],"predecessor-version":[{"id":2140,"href":"https:\/\/agora.xtec.cat\/esc-teresabergada\/wp-json\/wp\/v2\/posts\/2137\/revisions\/2140"}],"wp:attachment":[{"href":"https:\/\/agora.xtec.cat\/esc-teresabergada\/wp-json\/wp\/v2\/media?parent=2137"}],"wp:term":[{"taxonomy":"category","embeddable":true,"href":"https:\/\/agora.xtec.cat\/esc-teresabergada\/wp-json\/wp\/v2\/categories?post=2137"},{"taxonomy":"post_tag","embeddable":true,"href":"https:\/\/agora.xtec.cat\/esc-teresabergada\/wp-json\/wp\/v2\/tags?post=2137"}],"curies":[{"name":"wp","href":"https:\/\/api.w.org\/{rel}","templated":true}]}}