{"id":2109,"date":"2017-12-02T00:29:11","date_gmt":"2017-12-01T23:29:11","guid":{"rendered":"http:\/\/agora.xtec.cat\/esc-teresabergada\/?p=2109"},"modified":"2020-09-08T06:12:42","modified_gmt":"2020-09-08T04:12:42","slug":"els-diables-ens-visiten-a-p3","status":"publish","type":"post","link":"https:\/\/agora.xtec.cat\/esc-teresabergada\/blocs-de-primaria\/1r\/els-diables-ens-visiten-a-p3\/","title":{"rendered":"Els diables ens visiten a P3"},"content":{"rendered":"<p>A principis de curs la Isa va venir a fer-nos cinc c\u00e8ntims de qu\u00e8 volia dir aix\u00f2 de fer de diable. Al Jordi i al Joan els encanta anar a fer de diables i cantar la can\u00e7\u00f3 de &#8220;Ai que ve la figa&#8221; acompanyada amb el tamb\u00f3.<\/p>\n<p>Ens ho v\u00e0rem passar d\u00b4all\u00f2 m\u00e9s b\u00e9 emprovant-nos la vestimenta dels diables, cantant la can\u00e7\u00f3 i tocant el tamb\u00f3 !<\/p>\n<p>Mil gr\u00e0cies Isa per a dedicar-nos el teu temps !<\/p>\n<p><a href=\"https:\/\/photos.app.goo.gl\/ze80sL6Srn9tbhXA2\">Premeu aqu\u00ed per veure\u00b4n el petit recull fotogr\u00e0fic.<\/a><\/p>\n","protected":false},"excerpt":{"rendered":"<p>A principis de curs la Isa va venir a fer-nos cinc c\u00e8ntims de qu\u00e8 volia dir aix\u00f2 de fer de diable. Al Jordi i al Joan els encanta anar a fer de diables i cantar la can\u00e7\u00f3 de &#8220;Ai que ve la figa&#8221; acompanyada amb&hellip;  <a href=\"https:\/\/agora.xtec.cat\/esc-teresabergada\/blocs-de-primaria\/1r\/els-diables-ens-visiten-a-p3\/\" title=\"Read Els diables ens visiten a P3\">Llegeix m\u00e9s\u00bb<\/a><\/p>\n","protected":false},"author":1,"featured_media":0,"comment_status":"open","ping_status":"closed","sticky":false,"template":"","format":"standard","meta":{"_bbp_topic_count":0,"_bbp_reply_count":0,"_bbp_total_topic_count":0,"_bbp_total_reply_count":0,"_bbp_voice_count":0,"_bbp_anonymous_reply_count":0,"_bbp_topic_count_hidden":0,"_bbp_reply_count_hidden":0,"_bbp_forum_subforum_count":0,"footnotes":""},"categories":[348],"tags":[121],"class_list":["post-2109","post","type-post","status-publish","format-standard","hentry","category-1r","tag-educacio-infantil"],"post_mailing_queue_ids":[],"_links":{"self":[{"href":"https:\/\/agora.xtec.cat\/esc-teresabergada\/wp-json\/wp\/v2\/posts\/2109","targetHints":{"allow":["GET"]}}],"collection":[{"href":"https:\/\/agora.xtec.cat\/esc-teresabergada\/wp-json\/wp\/v2\/posts"}],"about":[{"href":"https:\/\/agora.xtec.cat\/esc-teresabergada\/wp-json\/wp\/v2\/types\/post"}],"author":[{"embeddable":true,"href":"https:\/\/agora.xtec.cat\/esc-teresabergada\/wp-json\/wp\/v2\/users\/1"}],"replies":[{"embeddable":true,"href":"https:\/\/agora.xtec.cat\/esc-teresabergada\/wp-json\/wp\/v2\/comments?post=2109"}],"version-history":[{"count":1,"href":"https:\/\/agora.xtec.cat\/esc-teresabergada\/wp-json\/wp\/v2\/posts\/2109\/revisions"}],"predecessor-version":[{"id":2111,"href":"https:\/\/agora.xtec.cat\/esc-teresabergada\/wp-json\/wp\/v2\/posts\/2109\/revisions\/2111"}],"wp:attachment":[{"href":"https:\/\/agora.xtec.cat\/esc-teresabergada\/wp-json\/wp\/v2\/media?parent=2109"}],"wp:term":[{"taxonomy":"category","embeddable":true,"href":"https:\/\/agora.xtec.cat\/esc-teresabergada\/wp-json\/wp\/v2\/categories?post=2109"},{"taxonomy":"post_tag","embeddable":true,"href":"https:\/\/agora.xtec.cat\/esc-teresabergada\/wp-json\/wp\/v2\/tags?post=2109"}],"curies":[{"name":"wp","href":"https:\/\/api.w.org\/{rel}","templated":true}]}}