{"id":2080,"date":"2017-11-24T13:46:51","date_gmt":"2017-11-24T12:46:51","guid":{"rendered":"http:\/\/agora.xtec.cat\/esc-teresabergada\/?p=2080"},"modified":"2019-09-27T18:16:28","modified_gmt":"2019-09-27T16:16:28","slug":"somos-actores","status":"publish","type":"post","link":"https:\/\/agora.xtec.cat\/esc-teresabergada\/blocs-de-primaria\/5e\/somos-actores\/","title":{"rendered":"\u00a1 Somos actores!"},"content":{"rendered":"<p>&nbsp;<\/p>\n<p>Durant unes setmanes els alumnes de 2n hem estat treballant el teatre en llengua castellana, i finalment el 20 de novembre ha estat el dia de la GRAN FUNCI\u00d3!<\/p>\n<p>Hem representat el teatre als alumnes de P3 i 1r, i totes les obres\u00a0 han estat mooooolt divertides!<\/p>\n<p style=\"text-align: center\"><strong><em>(Cliqueu sobre les obres per veure-les!)<\/em><\/strong><\/p>\n<p style=\"text-align: center\"><a href=\"https:\/\/youtu.be\/Qn8YR3xgU00\"><strong>&#8220;La princesa enamoradiza&#8221;<\/strong><\/a><\/p>\n<p style=\"text-align: center\"><a href=\"https:\/\/youtu.be\/6WIbRcZ04R8\"><strong>&#8220;La caperucita traviesa y el lobo bueno&#8221;<\/strong><\/a><\/p>\n<p style=\"text-align: center\"><a href=\"https:\/\/youtu.be\/MTRv2GfCCak\"><strong>&#8220;La ratita presumida&#8221;<\/strong><\/a><\/p>\n<p>Ens ho hem passat molt b\u00e9, i hem apr\u00e9s mooltes m\u00e9s coses de les que creiem en un inici!<\/p>\n<p><a href=\"http:\/\/agora.xtec.cat\/esc-teresabergada\/wp-content\/uploads\/usu1533\/2017\/11\/IMG-20171120-WA0003.jpg\"><img loading=\"lazy\" decoding=\"async\" class=\"size-medium wp-image-2087 aligncenter\" src=\"http:\/\/agora.xtec.cat\/esc-teresabergada\/wp-content\/uploads\/usu1533\/2017\/11\/IMG-20171120-WA0003-300x169.jpg\" alt=\"\" width=\"300\" height=\"169\" \/><\/a><\/p>\n<p>&nbsp;<\/p>\n<p>&nbsp;<\/p>\n","protected":false},"excerpt":{"rendered":"<p>&nbsp;<br \/>\nDurant unes setmanes els alumnes de 2n hem estat treballant el teatre en llengua castellana, i finalment el 20 de novembre ha estat el dia de la GRAN FUNCI\u00d3!<br \/>\nHem representat el teatre als alumnes de P3 i 1r, i totes les obres\u00a0 han estat mooooolt&hellip;  <a href=\"https:\/\/agora.xtec.cat\/esc-teresabergada\/blocs-de-primaria\/5e\/somos-actores\/\" title=\"Read \u00a1 Somos actores!\">Llegeix m\u00e9s\u00bb<\/a><\/p>\n","protected":false},"author":16,"featured_media":0,"comment_status":"open","ping_status":"closed","sticky":false,"template":"","format":"standard","meta":{"_bbp_topic_count":0,"_bbp_reply_count":0,"_bbp_total_topic_count":0,"_bbp_total_reply_count":0,"_bbp_voice_count":0,"_bbp_anonymous_reply_count":0,"_bbp_topic_count_hidden":0,"_bbp_reply_count_hidden":0,"_bbp_forum_subforum_count":0,"footnotes":""},"categories":[349],"tags":[135,271,269,270],"class_list":["post-2080","post","type-post","status-publish","format-standard","hentry","category-5e","tag-cicle-inicial","tag-interpretacion","tag-lengua-castellana","tag-teatro"],"post_mailing_queue_ids":[],"_links":{"self":[{"href":"https:\/\/agora.xtec.cat\/esc-teresabergada\/wp-json\/wp\/v2\/posts\/2080","targetHints":{"allow":["GET"]}}],"collection":[{"href":"https:\/\/agora.xtec.cat\/esc-teresabergada\/wp-json\/wp\/v2\/posts"}],"about":[{"href":"https:\/\/agora.xtec.cat\/esc-teresabergada\/wp-json\/wp\/v2\/types\/post"}],"author":[{"embeddable":true,"href":"https:\/\/agora.xtec.cat\/esc-teresabergada\/wp-json\/wp\/v2\/users\/16"}],"replies":[{"embeddable":true,"href":"https:\/\/agora.xtec.cat\/esc-teresabergada\/wp-json\/wp\/v2\/comments?post=2080"}],"version-history":[{"count":3,"href":"https:\/\/agora.xtec.cat\/esc-teresabergada\/wp-json\/wp\/v2\/posts\/2080\/revisions"}],"predecessor-version":[{"id":2219,"href":"https:\/\/agora.xtec.cat\/esc-teresabergada\/wp-json\/wp\/v2\/posts\/2080\/revisions\/2219"}],"wp:attachment":[{"href":"https:\/\/agora.xtec.cat\/esc-teresabergada\/wp-json\/wp\/v2\/media?parent=2080"}],"wp:term":[{"taxonomy":"category","embeddable":true,"href":"https:\/\/agora.xtec.cat\/esc-teresabergada\/wp-json\/wp\/v2\/categories?post=2080"},{"taxonomy":"post_tag","embeddable":true,"href":"https:\/\/agora.xtec.cat\/esc-teresabergada\/wp-json\/wp\/v2\/tags?post=2080"}],"curies":[{"name":"wp","href":"https:\/\/api.w.org\/{rel}","templated":true}]}}