{"id":2061,"date":"2017-11-21T12:15:48","date_gmt":"2017-11-21T11:15:48","guid":{"rendered":"http:\/\/agora.xtec.cat\/esc-teresabergada\/?p=2061"},"modified":"2020-09-08T06:12:11","modified_gmt":"2020-09-08T04:12:11","slug":"la-capsa-de-la-vida-de-la-sofia","status":"publish","type":"post","link":"https:\/\/agora.xtec.cat\/esc-teresabergada\/blocs-de-primaria\/1r\/la-capsa-de-la-vida-de-la-sofia\/","title":{"rendered":"La capsa de la vida de la SOFIA"},"content":{"rendered":"<p>Avui ha vingut la Lorena a l&#8217;escola a presentar-nos la caixa de la vida conjuntament amb la Sofia. Ens han ensenyat un \u00e0lbum de fotos molt especial amb fotos familiars. Tamb\u00e9 hem pogut veure el primer conjunt de roba que la Sofia es va posar a l&#8217;hospital. Quan va n\u00e9ixer, era tant petitona que fins i tot li anava gran! I per acabar el seu tresor m\u00e9s preuat: el xumet! Tot i que ja no l&#8217;utilitza, li conserva un afecte molt especial. Ens hem adonat que hi posa el seu nom! La Sofia ha volgut escriure&#8217;l en una petita targeta que ha guardat dins la caixa.<\/p>\n<p>Ens ho hem passat molt b\u00e9. Ens agrada molt compartir aquestes estones amb vosaltres!<\/p>\n<p>Moltes gr\u00e0cies.<\/p>\n<p>Podeu accedir i descarregar-vos les <a href=\"https:\/\/photos.app.goo.gl\/Hh0P2MO8KCkjNuhw2\">imatges <\/a>en aquest <a href=\"https:\/\/photos.app.goo.gl\/Hh0P2MO8KCkjNuhw2\">enlla\u00e7<\/a>.<\/p>\n","protected":false},"excerpt":{"rendered":"<p>Avui ha vingut la Lorena a l&#8217;escola a presentar-nos la caixa de la vida conjuntament amb la Sofia. Ens han ensenyat un \u00e0lbum de fotos molt especial amb fotos familiars. Tamb\u00e9 hem pogut veure el primer conjunt de roba que la Sofia es va posar&hellip;  <a href=\"https:\/\/agora.xtec.cat\/esc-teresabergada\/blocs-de-primaria\/1r\/la-capsa-de-la-vida-de-la-sofia\/\" title=\"Read La capsa de la vida de la SOFIA\">Llegeix m\u00e9s\u00bb<\/a><\/p>\n","protected":false},"author":1,"featured_media":0,"comment_status":"open","ping_status":"closed","sticky":false,"template":"","format":"standard","meta":{"_bbp_topic_count":0,"_bbp_reply_count":0,"_bbp_total_topic_count":0,"_bbp_total_reply_count":0,"_bbp_voice_count":0,"_bbp_anonymous_reply_count":0,"_bbp_topic_count_hidden":0,"_bbp_reply_count_hidden":0,"_bbp_forum_subforum_count":0,"footnotes":""},"categories":[348],"tags":[266,121,267],"class_list":["post-2061","post","type-post","status-publish","format-standard","hentry","category-1r","tag-caixa-de-la-vida","tag-educacio-infantil","tag-families"],"post_mailing_queue_ids":[],"_links":{"self":[{"href":"https:\/\/agora.xtec.cat\/esc-teresabergada\/wp-json\/wp\/v2\/posts\/2061","targetHints":{"allow":["GET"]}}],"collection":[{"href":"https:\/\/agora.xtec.cat\/esc-teresabergada\/wp-json\/wp\/v2\/posts"}],"about":[{"href":"https:\/\/agora.xtec.cat\/esc-teresabergada\/wp-json\/wp\/v2\/types\/post"}],"author":[{"embeddable":true,"href":"https:\/\/agora.xtec.cat\/esc-teresabergada\/wp-json\/wp\/v2\/users\/1"}],"replies":[{"embeddable":true,"href":"https:\/\/agora.xtec.cat\/esc-teresabergada\/wp-json\/wp\/v2\/comments?post=2061"}],"version-history":[{"count":1,"href":"https:\/\/agora.xtec.cat\/esc-teresabergada\/wp-json\/wp\/v2\/posts\/2061\/revisions"}],"predecessor-version":[{"id":2064,"href":"https:\/\/agora.xtec.cat\/esc-teresabergada\/wp-json\/wp\/v2\/posts\/2061\/revisions\/2064"}],"wp:attachment":[{"href":"https:\/\/agora.xtec.cat\/esc-teresabergada\/wp-json\/wp\/v2\/media?parent=2061"}],"wp:term":[{"taxonomy":"category","embeddable":true,"href":"https:\/\/agora.xtec.cat\/esc-teresabergada\/wp-json\/wp\/v2\/categories?post=2061"},{"taxonomy":"post_tag","embeddable":true,"href":"https:\/\/agora.xtec.cat\/esc-teresabergada\/wp-json\/wp\/v2\/tags?post=2061"}],"curies":[{"name":"wp","href":"https:\/\/api.w.org\/{rel}","templated":true}]}}