{"id":2052,"date":"2017-11-21T08:04:11","date_gmt":"2017-11-21T07:04:11","guid":{"rendered":"http:\/\/agora.xtec.cat\/esc-teresabergada\/?p=2052"},"modified":"2020-09-08T06:17:33","modified_gmt":"2020-09-08T04:17:33","slug":"setmana-de-la-salut-2","status":"publish","type":"post","link":"https:\/\/agora.xtec.cat\/esc-teresabergada\/infantil\/setmana-de-la-salut-2\/","title":{"rendered":"Setmana de la Salut"},"content":{"rendered":"<p style=\"text-align: justify;\"><img loading=\"lazy\" decoding=\"async\" class=\"alignnone size-full wp-image-2055\" src=\"http:\/\/agora.xtec.cat\/esc-teresabergada\/wp-content\/uploads\/usu1533\/2017\/11\/setmana-de-la-salut.jpg\" alt=\"\" width=\"1220\" height=\"404\" \/>La setmana del 6 al 10 de novembre\u00a0vam celebrar la\u00a0SETMANA DE LA SALUT on hi van tenir cabuda un ampli ventall d&#8217;activitats per a tots els i les alumnes de l&#8217;escola.<\/p>\n<p style=\"text-align: justify;\">A <a href=\"https:\/\/photos.app.goo.gl\/r3si7wm7clvSrzLL2\" target=\"_blank\" rel=\"noopener noreferrer\"><strong>Educaci\u00f3 Infantil<\/strong> <\/a>van realitzar danses de la m\u00e0 de la Gemma Massana i les enfermeres del CAP del poble els van explicar com tenir cura de les dents.<\/p>\n<p style=\"text-align: justify;\">A <strong><a href=\"https:\/\/photos.app.goo.gl\/yuW0lCWVo9AzvioH2\" target=\"_blank\" rel=\"noopener noreferrer\">Cicle Inicial<\/a> <\/strong>va tenir lloc un taller intergeneracional (Jocs tradicionals on padrins i padrines s&#8217;ho van passar d&#8217;all\u00f2 m\u00e9s b\u00e9 amb els seus n\u00e9ts\/n\u00e9tes) a la pla\u00e7a de la Sardana, van con\u00e8ixer de primera m\u00e0 quina \u00e9s la tasca d&#8217;un \u00e0rbitre de futbol gr\u00e0cies a Sinhue Garcia i el seu company Gerard i amb el V\u00edctor (Pitch &amp; Putt Lleida) van descobrir un nou joc, el Pitch and Putt. A m\u00e9s a m\u00e9s, les enfermes del CAP van recordar un bons h\u00e0bits en el descans.<\/p>\n<p style=\"text-align: justify;\">Els alumnes de <strong>Cicle Mitj\u00e0<\/strong> van desvetllar alguns interrogants sobre l&#8217;etapa de la pubertat gr\u00e0cies a les infermeres del CAP. Tamb\u00e9 els visit\u00e0 Berni Tamames, qui va fer cinc c\u00e8ntims i amb el responsable de l&#8217;AREMI van viure en primera persona com realitzen esport les persones que depenen d&#8217;una cadira de rodes per poder despla\u00e7ar-se.<\/p>\n<p style=\"text-align: justify;\">I l&#8217;alumnat de <strong>Cicle Superior<\/strong> va rebre la visita de dues\u00a0agents del cos de Mossos d&#8217;Esquadra que els van explicar la import\u00e0ncia de fer un bon \u00fas de les xarxes socials, amb\u00a0l&#8217;explicaci\u00f3 d&#8217;en Sergi Grimau van poder con\u00e8ixer en qu\u00e8 consisteixen i qui pot participar dels Special Olympics. A m\u00e9s a m\u00e9s, van descobrir les possibilitats que d\u00f3na el Freesby tot jugant al pavell\u00f3. I, per acabar, les enfermeres del CAP van explicar amb detall els canvis que es produeixen al cos dels nens i de les nenes a l&#8217;etapa de la pubertat.<\/p>\n","protected":false},"excerpt":{"rendered":"<p>5 dies plens d&#8217;activitats per fomentar els h\u00e0bits saludables en els infants&hellip;  <a href=\"https:\/\/agora.xtec.cat\/esc-teresabergada\/infantil\/setmana-de-la-salut-2\/\" title=\"Read Setmana de la Salut\">Llegeix m\u00e9s\u00bb<\/a><\/p>\n","protected":false},"author":1,"featured_media":2055,"comment_status":"open","ping_status":"closed","sticky":false,"template":"","format":"standard","meta":{"_bbp_topic_count":0,"_bbp_reply_count":0,"_bbp_total_topic_count":0,"_bbp_total_reply_count":0,"_bbp_voice_count":0,"_bbp_anonymous_reply_count":0,"_bbp_topic_count_hidden":0,"_bbp_reply_count_hidden":0,"_bbp_forum_subforum_count":0,"footnotes":""},"categories":[109,2,4],"tags":[],"class_list":["post-2052","post","type-post","status-publish","format-standard","has-post-thumbnail","hentry","category-ed-fisica","category-infantil","category-portada"],"post_mailing_queue_ids":[],"_links":{"self":[{"href":"https:\/\/agora.xtec.cat\/esc-teresabergada\/wp-json\/wp\/v2\/posts\/2052","targetHints":{"allow":["GET"]}}],"collection":[{"href":"https:\/\/agora.xtec.cat\/esc-teresabergada\/wp-json\/wp\/v2\/posts"}],"about":[{"href":"https:\/\/agora.xtec.cat\/esc-teresabergada\/wp-json\/wp\/v2\/types\/post"}],"author":[{"embeddable":true,"href":"https:\/\/agora.xtec.cat\/esc-teresabergada\/wp-json\/wp\/v2\/users\/1"}],"replies":[{"embeddable":true,"href":"https:\/\/agora.xtec.cat\/esc-teresabergada\/wp-json\/wp\/v2\/comments?post=2052"}],"version-history":[{"count":3,"href":"https:\/\/agora.xtec.cat\/esc-teresabergada\/wp-json\/wp\/v2\/posts\/2052\/revisions"}],"predecessor-version":[{"id":7527,"href":"https:\/\/agora.xtec.cat\/esc-teresabergada\/wp-json\/wp\/v2\/posts\/2052\/revisions\/7527"}],"wp:featuredmedia":[{"embeddable":true,"href":"https:\/\/agora.xtec.cat\/esc-teresabergada\/wp-json\/wp\/v2\/media\/2055"}],"wp:attachment":[{"href":"https:\/\/agora.xtec.cat\/esc-teresabergada\/wp-json\/wp\/v2\/media?parent=2052"}],"wp:term":[{"taxonomy":"category","embeddable":true,"href":"https:\/\/agora.xtec.cat\/esc-teresabergada\/wp-json\/wp\/v2\/categories?post=2052"},{"taxonomy":"post_tag","embeddable":true,"href":"https:\/\/agora.xtec.cat\/esc-teresabergada\/wp-json\/wp\/v2\/tags?post=2052"}],"curies":[{"name":"wp","href":"https:\/\/api.w.org\/{rel}","templated":true}]}}