{"id":2048,"date":"2017-11-20T23:09:09","date_gmt":"2017-11-20T22:09:09","guid":{"rendered":"http:\/\/agora.xtec.cat\/esc-teresabergada\/?p=2048"},"modified":"2020-09-08T06:11:59","modified_gmt":"2020-09-08T04:11:59","slug":"la-capsa-de-la-vida-de-lares","status":"publish","type":"post","link":"https:\/\/agora.xtec.cat\/esc-teresabergada\/blocs-de-primaria\/1r\/la-capsa-de-la-vida-de-lares\/","title":{"rendered":"La capsa de la vida de l&#8217;Ares"},"content":{"rendered":"<div>El divendres va venir la Roser a explicar-nos la capsa de la vida de l&#8217;Ares. A dins de la capsa hi havia la pin\u00e7a del seu cord\u00f3 umbilical, que han guardat fins ara. Ens va agradar molt con\u00e9ixer la Queralt, la seva nina preferida. Ella ens va explicar que anava vestida amb la seva roba de rec\u00e8n nascuda i fins i tot portava les mateixes manoples que l&#8217;Ares duia a l&#8217;hospital. Ens les vam emprovar i ens vam adonar com ens hem fet de grans! Per acabar vam veure un \u00e0lbum de fotos molt bonic.<\/div>\n<div>moltes gr\u00e0cies per acompanyar-nos un dia m\u00e9s a l&#8217;escola!<\/div>\n<div><\/div>\n<div>En aquest <a href=\"https:\/\/photos.app.goo.gl\/5zivnrbwmtpPhRqw1\">enlla\u00e7 <\/a>trobareu un recull <a href=\"https:\/\/photos.app.goo.gl\/5zivnrbwmtpPhRqw1\">d&#8217;imatges\u00a0<\/a><\/div>\n<div><\/div>\n<div><\/div>\n","protected":false},"excerpt":{"rendered":"<p>El divendres va venir la Roser a explicar-nos la capsa de la vida de l&#8217;Ares. A dins de la capsa hi havia la pin\u00e7a del seu cord\u00f3 umbilical, que han guardat fins ara. Ens va agradar molt con\u00e9ixer la Queralt, la seva nina preferida. Ella&hellip;  <a href=\"https:\/\/agora.xtec.cat\/esc-teresabergada\/blocs-de-primaria\/1r\/la-capsa-de-la-vida-de-lares\/\" title=\"Read La capsa de la vida de l&#8217;Ares\">Llegeix m\u00e9s\u00bb<\/a><\/p>\n","protected":false},"author":1,"featured_media":0,"comment_status":"open","ping_status":"closed","sticky":false,"template":"","format":"standard","meta":{"_bbp_topic_count":0,"_bbp_reply_count":0,"_bbp_total_topic_count":0,"_bbp_total_reply_count":0,"_bbp_voice_count":0,"_bbp_anonymous_reply_count":0,"_bbp_topic_count_hidden":0,"_bbp_reply_count_hidden":0,"_bbp_forum_subforum_count":0,"footnotes":""},"categories":[348],"tags":[61,121],"class_list":["post-2048","post","type-post","status-publish","format-standard","hentry","category-1r","tag-activitats","tag-educacio-infantil"],"post_mailing_queue_ids":[],"_links":{"self":[{"href":"https:\/\/agora.xtec.cat\/esc-teresabergada\/wp-json\/wp\/v2\/posts\/2048","targetHints":{"allow":["GET"]}}],"collection":[{"href":"https:\/\/agora.xtec.cat\/esc-teresabergada\/wp-json\/wp\/v2\/posts"}],"about":[{"href":"https:\/\/agora.xtec.cat\/esc-teresabergada\/wp-json\/wp\/v2\/types\/post"}],"author":[{"embeddable":true,"href":"https:\/\/agora.xtec.cat\/esc-teresabergada\/wp-json\/wp\/v2\/users\/1"}],"replies":[{"embeddable":true,"href":"https:\/\/agora.xtec.cat\/esc-teresabergada\/wp-json\/wp\/v2\/comments?post=2048"}],"version-history":[{"count":1,"href":"https:\/\/agora.xtec.cat\/esc-teresabergada\/wp-json\/wp\/v2\/posts\/2048\/revisions"}],"predecessor-version":[{"id":2049,"href":"https:\/\/agora.xtec.cat\/esc-teresabergada\/wp-json\/wp\/v2\/posts\/2048\/revisions\/2049"}],"wp:attachment":[{"href":"https:\/\/agora.xtec.cat\/esc-teresabergada\/wp-json\/wp\/v2\/media?parent=2048"}],"wp:term":[{"taxonomy":"category","embeddable":true,"href":"https:\/\/agora.xtec.cat\/esc-teresabergada\/wp-json\/wp\/v2\/categories?post=2048"},{"taxonomy":"post_tag","embeddable":true,"href":"https:\/\/agora.xtec.cat\/esc-teresabergada\/wp-json\/wp\/v2\/tags?post=2048"}],"curies":[{"name":"wp","href":"https:\/\/api.w.org\/{rel}","templated":true}]}}