{"id":1837,"date":"2017-10-10T16:41:30","date_gmt":"2017-10-10T14:41:30","guid":{"rendered":"http:\/\/agora.xtec.cat\/esc-teresabergada\/?p=1837"},"modified":"2020-09-08T06:02:39","modified_gmt":"2020-09-08T04:02:39","slug":"trobada-inicial-de-families-2017-2018","status":"publish","type":"post","link":"https:\/\/agora.xtec.cat\/esc-teresabergada\/general\/trobada-inicial-de-families-2017-2018\/","title":{"rendered":"Trobada inicial de fam\u00edlies 2017-2018"},"content":{"rendered":"<p>El dilluns 9 d\u00b4octubre v\u00e0rem realitzar la primera trobada de fam\u00edlies de P3 de la promoci\u00f3 2017-2026.<\/p>\n<p>Compartim la il.lusi\u00f3 d\u00b4iniciar l\u00b4escolaritat al costat dels vostres fills\/es i amb el vostre acompanyament.<\/p>\n<p>Moltes gr\u00e0cies per la vostra assist\u00e8ncia !<\/p>\n<figure class=\"figure wp-caption alignnone\"><a href=\"http:\/\/agora.xtec.cat\/esc-teresabergada\/wp-content\/uploads\/usu1533\/2017\/10\/foto-cor.jpg\"><img loading=\"lazy\" decoding=\"async\" class=\"size-large wp-image-1849\" src=\"http:\/\/agora.xtec.cat\/esc-teresabergada\/wp-content\/uploads\/usu1533\/2017\/10\/foto-cor-768x1024.jpg\" alt=\"\" width=\"768\" height=\"1024\" srcset=\"https:\/\/agora.xtec.cat\/esc-teresabergada\/wp-content\/uploads\/usu1533\/2017\/10\/foto-cor-768x1024.jpg 768w, https:\/\/agora.xtec.cat\/esc-teresabergada\/wp-content\/uploads\/usu1533\/2017\/10\/foto-cor-225x300.jpg 225w\" sizes=\"auto, (max-width: 768px) 100vw, 768px\" \/><\/a><figcaption class=\"wp-caption-text\">Sou el batec de l\u00b4escola<\/figcaption><\/figure>\n<p>Aqu\u00ed teniu l&#8217;enlla\u00e7 de l&#8217;audiovisual que v\u00e0rem projectar a la reuni\u00f3.<\/p>\n<p><a href=\"https:\/\/youtu.be\/V45omSGTsDM\">https:\/\/youtu.be\/V45omSGTsDM<\/a><\/p>\n<p><a href=\"http:\/\/agora.xtec.cat\/esc-teresabergada\/wp-content\/uploads\/usu1533\/2017\/10\/trobada-fam\u00edlies-P3.jpg\"><img loading=\"lazy\" decoding=\"async\" class=\"alignnone size-large wp-image-1850\" src=\"http:\/\/agora.xtec.cat\/esc-teresabergada\/wp-content\/uploads\/usu1533\/2017\/10\/trobada-fam\u00edlies-P3-1024x643.jpg\" alt=\"\" width=\"1024\" height=\"643\" \/><\/a><\/p>\n","protected":false},"excerpt":{"rendered":"<p>El dilluns 9 d\u00b4octubre v\u00e0rem realitzar la primera trobada de fam\u00edlies de P3 de la promoci\u00f3 2017-2026.<br \/>\nCompartim la il.lusi\u00f3 d\u00b4iniciar l\u00b4escolaritat al costat dels vostres fills\/es i amb el vostre acompanyament.<br \/>\nMoltes gr\u00e0cies per la vostra assist\u00e8ncia !<br \/>\n<a href=\"http:\/\/agora.xtec.cat\/esc-teresabergada\/wp-content\/uploads\/usu1533\/2017\/10\/foto-cor.jpg\"><\/a>Sou el batec de l\u00b4escola<br \/>\nAqu\u00ed teniu l&#8217;enlla\u00e7 de&hellip;  <a href=\"https:\/\/agora.xtec.cat\/esc-teresabergada\/general\/trobada-inicial-de-families-2017-2018\/\" title=\"Read Trobada inicial de fam\u00edlies 2017-2018\">Llegeix m\u00e9s\u00bb<\/a><\/p>\n","protected":false},"author":1,"featured_media":1849,"comment_status":"open","ping_status":"closed","sticky":false,"template":"","format":"standard","meta":{"_bbp_topic_count":0,"_bbp_reply_count":0,"_bbp_total_topic_count":0,"_bbp_total_reply_count":0,"_bbp_voice_count":0,"_bbp_anonymous_reply_count":0,"_bbp_topic_count_hidden":0,"_bbp_reply_count_hidden":0,"_bbp_forum_subforum_count":0,"footnotes":""},"categories":[348,1],"tags":[121,77,256],"class_list":["post-1837","post","type-post","status-publish","format-standard","has-post-thumbnail","hentry","category-1r","category-general","tag-educacio-infantil","tag-escola","tag-trobada"],"post_mailing_queue_ids":[],"_links":{"self":[{"href":"https:\/\/agora.xtec.cat\/esc-teresabergada\/wp-json\/wp\/v2\/posts\/1837","targetHints":{"allow":["GET"]}}],"collection":[{"href":"https:\/\/agora.xtec.cat\/esc-teresabergada\/wp-json\/wp\/v2\/posts"}],"about":[{"href":"https:\/\/agora.xtec.cat\/esc-teresabergada\/wp-json\/wp\/v2\/types\/post"}],"author":[{"embeddable":true,"href":"https:\/\/agora.xtec.cat\/esc-teresabergada\/wp-json\/wp\/v2\/users\/1"}],"replies":[{"embeddable":true,"href":"https:\/\/agora.xtec.cat\/esc-teresabergada\/wp-json\/wp\/v2\/comments?post=1837"}],"version-history":[{"count":5,"href":"https:\/\/agora.xtec.cat\/esc-teresabergada\/wp-json\/wp\/v2\/posts\/1837\/revisions"}],"predecessor-version":[{"id":4912,"href":"https:\/\/agora.xtec.cat\/esc-teresabergada\/wp-json\/wp\/v2\/posts\/1837\/revisions\/4912"}],"wp:featuredmedia":[{"embeddable":true,"href":"https:\/\/agora.xtec.cat\/esc-teresabergada\/wp-json\/wp\/v2\/media\/1849"}],"wp:attachment":[{"href":"https:\/\/agora.xtec.cat\/esc-teresabergada\/wp-json\/wp\/v2\/media?parent=1837"}],"wp:term":[{"taxonomy":"category","embeddable":true,"href":"https:\/\/agora.xtec.cat\/esc-teresabergada\/wp-json\/wp\/v2\/categories?post=1837"},{"taxonomy":"post_tag","embeddable":true,"href":"https:\/\/agora.xtec.cat\/esc-teresabergada\/wp-json\/wp\/v2\/tags?post=1837"}],"curies":[{"name":"wp","href":"https:\/\/api.w.org\/{rel}","templated":true}]}}