{"id":1593,"date":"2017-05-29T20:32:51","date_gmt":"2017-05-29T18:32:51","guid":{"rendered":"http:\/\/agora.xtec.cat\/esc-teresabergada\/?p=1593"},"modified":"2017-05-29T20:33:52","modified_gmt":"2017-05-29T18:33:52","slug":"the-fonix","status":"publish","type":"post","link":"https:\/\/agora.xtec.cat\/esc-teresabergada\/portada\/the-fonix\/","title":{"rendered":"THE FONIX"},"content":{"rendered":"<p>N\u00daRIA VILA NOGUERAS, del 5\u00e8 curs de la nostra escola ha estat finalista del Concurs d&#8217;Angl\u00e8s Interescolar de Catalunya (THE FONIX 2017).<br \/>\nEl concurs est\u00e0 organitzat per International House, per la Fundaci\u00f3 Catalana de l&#8217;Esplai i per la Secretaria General de Pol\u00edtiques Educatives del Departament d&#8217;Ensenyament de la Generalitat de Catalunya, com activitat organitzada en el marc d&#8217;iniciatives socials d&#8217;accions d&#8217;entorn i d&#8217;activitats vers l&#8217;excel\u00b7l\u00e8ncia i en el del Pla d&#8217;impuls de la llengua anglesa als centres educatius catalans.<\/p>\n<p>&nbsp;<br \/>\n<a href=\"http:\/\/agora.xtec.cat\/esc-teresabergada\/wp-content\/uploads\/usu1533\/2017\/05\/2.jpg\"><img loading=\"lazy\" decoding=\"async\" class=\"alignnone size-medium wp-image-1596\" src=\"http:\/\/agora.xtec.cat\/esc-teresabergada\/wp-content\/uploads\/usu1533\/2017\/05\/2-300x225.jpg\" alt=\"2\" width=\"300\" height=\"225\" srcset=\"https:\/\/agora.xtec.cat\/esc-teresabergada\/wp-content\/uploads\/usu1533\/2017\/05\/2-300x225.jpg 300w, https:\/\/agora.xtec.cat\/esc-teresabergada\/wp-content\/uploads\/usu1533\/2017\/05\/2-768x576.jpg 768w, https:\/\/agora.xtec.cat\/esc-teresabergada\/wp-content\/uploads\/usu1533\/2017\/05\/2-200x150.jpg 200w, https:\/\/agora.xtec.cat\/esc-teresabergada\/wp-content\/uploads\/usu1533\/2017\/05\/2.jpg 868w\" sizes=\"auto, (max-width: 300px) 100vw, 300px\" \/><\/a><\/p>\n<p><a href=\"http:\/\/agora.xtec.cat\/esc-teresabergada\/wp-content\/uploads\/usu1533\/2017\/05\/3.jpg\"><img loading=\"lazy\" decoding=\"async\" class=\"alignnone size-medium wp-image-1595\" src=\"http:\/\/agora.xtec.cat\/esc-teresabergada\/wp-content\/uploads\/usu1533\/2017\/05\/3-169x300.jpg\" alt=\"3\" width=\"169\" height=\"300\" \/><\/a><\/p>\n<p><a href=\"http:\/\/agora.xtec.cat\/esc-teresabergada\/wp-content\/uploads\/usu1533\/2017\/05\/1.jpg\"><img loading=\"lazy\" decoding=\"async\" class=\"alignnone size-medium wp-image-1594\" src=\"http:\/\/agora.xtec.cat\/esc-teresabergada\/wp-content\/uploads\/usu1533\/2017\/05\/1-225x300.jpg\" alt=\"1\" width=\"225\" height=\"300\" \/><\/a><\/p>\n","protected":false},"excerpt":{"rendered":"<p>N\u00daRIA VILA NOGUERAS, del 5\u00e8 curs de la nostra escola ha estat finalista del Concurs d&#8217;Angl\u00e8s Interescolar de Catalunya (THE FONIX 2017).<br \/>\nEl concurs est\u00e0 organitzat per International House, per la Fundaci\u00f3 Catalana de l&#8217;Esplai i per la Secretaria General de Pol\u00edtiques Educatives del Departament d&#8217;Ensenyament&hellip;  <a href=\"https:\/\/agora.xtec.cat\/esc-teresabergada\/portada\/the-fonix\/\" title=\"Read THE FONIX\">Llegeix m\u00e9s\u00bb<\/a><\/p>\n","protected":false},"author":1,"featured_media":0,"comment_status":"open","ping_status":"closed","sticky":false,"template":"","format":"standard","meta":{"_bbp_topic_count":0,"_bbp_reply_count":0,"_bbp_total_topic_count":0,"_bbp_total_reply_count":0,"_bbp_voice_count":0,"_bbp_anonymous_reply_count":0,"_bbp_topic_count_hidden":0,"_bbp_reply_count_hidden":0,"_bbp_forum_subforum_count":0,"footnotes":""},"categories":[146,4],"tags":[61,117,222,148,221],"class_list":["post-1593","post","type-post","status-publish","format-standard","hentry","category-english","category-portada","tag-activitats","tag-cicle-superior","tag-concurs","tag-english","tag-the-fonix"],"post_mailing_queue_ids":[],"_links":{"self":[{"href":"https:\/\/agora.xtec.cat\/esc-teresabergada\/wp-json\/wp\/v2\/posts\/1593","targetHints":{"allow":["GET"]}}],"collection":[{"href":"https:\/\/agora.xtec.cat\/esc-teresabergada\/wp-json\/wp\/v2\/posts"}],"about":[{"href":"https:\/\/agora.xtec.cat\/esc-teresabergada\/wp-json\/wp\/v2\/types\/post"}],"author":[{"embeddable":true,"href":"https:\/\/agora.xtec.cat\/esc-teresabergada\/wp-json\/wp\/v2\/users\/1"}],"replies":[{"embeddable":true,"href":"https:\/\/agora.xtec.cat\/esc-teresabergada\/wp-json\/wp\/v2\/comments?post=1593"}],"version-history":[{"count":2,"href":"https:\/\/agora.xtec.cat\/esc-teresabergada\/wp-json\/wp\/v2\/posts\/1593\/revisions"}],"predecessor-version":[{"id":1598,"href":"https:\/\/agora.xtec.cat\/esc-teresabergada\/wp-json\/wp\/v2\/posts\/1593\/revisions\/1598"}],"wp:attachment":[{"href":"https:\/\/agora.xtec.cat\/esc-teresabergada\/wp-json\/wp\/v2\/media?parent=1593"}],"wp:term":[{"taxonomy":"category","embeddable":true,"href":"https:\/\/agora.xtec.cat\/esc-teresabergada\/wp-json\/wp\/v2\/categories?post=1593"},{"taxonomy":"post_tag","embeddable":true,"href":"https:\/\/agora.xtec.cat\/esc-teresabergada\/wp-json\/wp\/v2\/tags?post=1593"}],"curies":[{"name":"wp","href":"https:\/\/api.w.org\/{rel}","templated":true}]}}