{"id":1397,"date":"2017-05-11T23:27:39","date_gmt":"2017-05-11T21:27:39","guid":{"rendered":"http:\/\/agora.xtec.cat\/esc-teresabergada\/?p=1397"},"modified":"2020-09-08T05:55:07","modified_gmt":"2020-09-08T03:55:07","slug":"visita-de-lescriptor-pep-molist","status":"publish","type":"post","link":"https:\/\/agora.xtec.cat\/esc-teresabergada\/blocs-de-primaria\/5e\/visita-de-lescriptor-pep-molist\/","title":{"rendered":"Visita de l&#8217;escriptor Pep Molist"},"content":{"rendered":"<p>Aquesta setmana ens ha visitat en Pep Molist, l&#8217;autor d&#8217;un dels llibres que em llegit aquest curs: &#8220;Ll\u00e0grimes de cocodril&#8221;.<\/p>\n<p>Li hem fet preguntes i aix\u00ed hem pogut con\u00e8ixer de m\u00e9s a prop\u00a0algunes curiositats de la feina dels escriptors. Per\u00f2 el que m\u00e9s ens ha agradat \u00e9s que ens expliqu\u00e8s contes com &#8221; Sorra a les sabates&#8221; o \u00a0&#8220;Llana a dojo&#8221;, uns contes molt bonics.<\/p>\n<p>Per acabar ens ha dedicat a cadasc\u00fa el seu llibre.<\/p>\n<p>Moltes gr\u00e0cies Pep!<\/p>\n<p>&nbsp;<\/p>\n<p><a href=\"http:\/\/agora.xtec.cat\/esc-teresabergada\/wp-content\/uploads\/usu1533\/2017\/05\/IMG_20170510_100114.jpg\"><img loading=\"lazy\" decoding=\"async\" class=\"alignleft wp-image-1400 size-medium\" src=\"http:\/\/agora.xtec.cat\/esc-teresabergada\/wp-content\/uploads\/usu1533\/2017\/05\/IMG_20170510_100114-225x300.jpg\" alt=\"bdr\" width=\"225\" height=\"300\" \/><\/a><\/p>\n<p><a href=\"http:\/\/agora.xtec.cat\/esc-teresabergada\/wp-content\/uploads\/usu1533\/2017\/05\/IMG_20170510_100044.jpg\"><img loading=\"lazy\" decoding=\"async\" class=\"aligncenter wp-image-1399 size-medium\" src=\"http:\/\/agora.xtec.cat\/esc-teresabergada\/wp-content\/uploads\/usu1533\/2017\/05\/IMG_20170510_100044-300x225.jpg\" alt=\"bdr\" width=\"300\" height=\"225\" \/><\/a><\/p>\n","protected":false},"excerpt":{"rendered":"<p>Aquesta setmana ens ha visitat en Pep Molist, l&#8217;autor d&#8217;un dels llibres que em llegit aquest curs: &#8220;Ll\u00e0grimes de cocodril&#8221;.<br \/>\nLi hem fet preguntes i aix\u00ed hem pogut con\u00e8ixer de m\u00e9s a prop\u00a0algunes curiositats de la feina dels escriptors. Per\u00f2 el que m\u00e9s ens ha agradat&hellip;  <a href=\"https:\/\/agora.xtec.cat\/esc-teresabergada\/blocs-de-primaria\/5e\/visita-de-lescriptor-pep-molist\/\" title=\"Read Visita de l&#8217;escriptor Pep Molist\">Llegeix m\u00e9s\u00bb<\/a><\/p>\n","protected":false},"author":16,"featured_media":1401,"comment_status":"open","ping_status":"open","sticky":false,"template":"","format":"standard","meta":{"_bbp_topic_count":0,"_bbp_reply_count":0,"_bbp_total_topic_count":0,"_bbp_total_reply_count":0,"_bbp_voice_count":0,"_bbp_anonymous_reply_count":0,"_bbp_topic_count_hidden":0,"_bbp_reply_count_hidden":0,"_bbp_forum_subforum_count":0,"footnotes":""},"categories":[349],"tags":[135,203,202,63,204,65],"class_list":["post-1397","post","type-post","status-publish","format-standard","has-post-thumbnail","hentry","category-5e","tag-cicle-inicial","tag-contes","tag-escriptor","tag-lectura","tag-llagrimes-de-cocodril","tag-llibres"],"post_mailing_queue_ids":[],"_links":{"self":[{"href":"https:\/\/agora.xtec.cat\/esc-teresabergada\/wp-json\/wp\/v2\/posts\/1397","targetHints":{"allow":["GET"]}}],"collection":[{"href":"https:\/\/agora.xtec.cat\/esc-teresabergada\/wp-json\/wp\/v2\/posts"}],"about":[{"href":"https:\/\/agora.xtec.cat\/esc-teresabergada\/wp-json\/wp\/v2\/types\/post"}],"author":[{"embeddable":true,"href":"https:\/\/agora.xtec.cat\/esc-teresabergada\/wp-json\/wp\/v2\/users\/16"}],"replies":[{"embeddable":true,"href":"https:\/\/agora.xtec.cat\/esc-teresabergada\/wp-json\/wp\/v2\/comments?post=1397"}],"version-history":[{"count":3,"href":"https:\/\/agora.xtec.cat\/esc-teresabergada\/wp-json\/wp\/v2\/posts\/1397\/revisions"}],"predecessor-version":[{"id":1404,"href":"https:\/\/agora.xtec.cat\/esc-teresabergada\/wp-json\/wp\/v2\/posts\/1397\/revisions\/1404"}],"wp:featuredmedia":[{"embeddable":true,"href":"https:\/\/agora.xtec.cat\/esc-teresabergada\/wp-json\/wp\/v2\/media\/1401"}],"wp:attachment":[{"href":"https:\/\/agora.xtec.cat\/esc-teresabergada\/wp-json\/wp\/v2\/media?parent=1397"}],"wp:term":[{"taxonomy":"category","embeddable":true,"href":"https:\/\/agora.xtec.cat\/esc-teresabergada\/wp-json\/wp\/v2\/categories?post=1397"},{"taxonomy":"post_tag","embeddable":true,"href":"https:\/\/agora.xtec.cat\/esc-teresabergada\/wp-json\/wp\/v2\/tags?post=1397"}],"curies":[{"name":"wp","href":"https:\/\/api.w.org\/{rel}","templated":true}]}}